{"id":350796,"date":"2024-04-19T09:33:58","date_gmt":"2024-04-19T07:33:58","guid":{"rendered":"https:\/\/www.radioluna.it\/news\/?p=350796"},"modified":"2024-04-19T09:33:58","modified_gmt":"2024-04-19T07:33:58","slug":"latina-lavori-conclusi-al-parco-di-via-roccagorga-si-va-verso-lindizione-del-bando-di-gara-per-la-gestione","status":"publish","type":"post","link":"https:\/\/www.radioluna.it\/news\/2024\/04\/latina-lavori-conclusi-al-parco-di-via-roccagorga-si-va-verso-lindizione-del-bando-di-gara-per-la-gestione\/","title":{"rendered":"Lavori conclusi al parco di via Roccagorga, il Comune: &#8220;Ora bando di gara per la gestione&#8221;"},"content":{"rendered":"<div id=\"fb-root\"><\/div>\n<p>(nella foto una delle novit\u00e0: la serra realizzata nell&#8217;area)<\/p>\n<p style=\"text-align: justify;\"><strong>LATINA &#8211;<\/strong> Il parco di via Roccagorga, inserito nel progetto europeo Upper Parchi produttivi urbani per lo sviluppo di tecnologie e servizi connessi a soluzioni basate sulla natura, \u00e8 stato oggetto di importanti interventi di rigenerazione urbana. Completati i lavori, con una delibera di giunta approvata nella giornata di oggi l\u2019amministrazione comunale ha dato mandato agli uffici di procedere con la procedura consultiva di mercato preventiva all\u2019indizione del bando per l\u2019affidamento in gestione. Solo pochi giorni fa sui social erano apparse le fotografie, non edificanti, del cantiere in stato di abbandono con il cancello aperto e le opere incustodite.<\/p>\n<p style=\"text-align: justify;\">\u201cIl parco produttivo di via Roccagorga, situato in zona mercato \u2013 dichiara Ada Nasti, assessore al Patrimonio, su indirizzo della quale \u00e8 stata approvata la delibera \u2013 sar\u00e0 destinato ad ospitare servizi di tipo socio-educativo, sportivo-ludico, sociale, ricreativo e sanitario basati sul contatto, lo studio e l\u2019esperienza diretta con la natura. Le attivit\u00e0 saranno organizzate anche in collaborazione con le scuole e gli attori sociali del territorio e sar\u00e0 uno spazio multifunzionale dedicato al benessere psicofisico dei cittadini e della socialit\u00e0. L\u2019attivazione della procedura \u00e8 finalizzata a coinvolgere gli operatori attivi nel settore florovivaistico, del tempo libero, dell\u2019inclusione sociale, della ristorazione, delle associazioni di categoria ma anche di cittadini singoli o associati cos\u00ec da poter reperire informazioni ed esperienze di gestione utili alla definizione di uno studio di fattibilit\u00e0 di massima per il progetto di gestione da porre a base di gara\u201d.<\/p>\n<p style=\"text-align: justify;\">Con la stessa delibera viene dato mandato agli uffici di verificare se sussiste la possibilit\u00e0 di attivare un patto di collaborazione per l\u2019apertura e la chiusura del parco in attesa della definizione della procedura di gara.<\/p>\n","protected":false},"excerpt":{"rendered":"<p>(nella foto una delle novit\u00e0: la serra realizzata nell&#8217;area) LATINA &#8211; Il parco di via Roccagorga, inserito nel progetto europeo Upper Parchi produttivi urbani per lo sviluppo di tecnologie e servizi connessi a soluzioni basate sulla natura, \u00e8 stato oggetto di importanti interventi di rigenerazione urbana. Completati i lavori, con una delibera di giunta approvata [&hellip;]<\/p>\n","protected":false},"author":62,"featured_media":350797,"comment_status":"open","ping_status":"open","sticky":false,"template":"","format":"standard","meta":{"footnotes":""},"categories":[8],"tags":[],"class_list":["post-350796","post","type-post","status-publish","format-standard","has-post-thumbnail","hentry","category-politica"],"_links":{"self":[{"href":"https:\/\/www.radioluna.it\/news\/wp-json\/wp\/v2\/posts\/350796","targetHints":{"allow":["GET"]}}],"collection":[{"href":"https:\/\/www.radioluna.it\/news\/wp-json\/wp\/v2\/posts"}],"about":[{"href":"https:\/\/www.radioluna.it\/news\/wp-json\/wp\/v2\/types\/post"}],"author":[{"embeddable":true,"href":"https:\/\/www.radioluna.it\/news\/wp-json\/wp\/v2\/users\/62"}],"replies":[{"embeddable":true,"href":"https:\/\/www.radioluna.it\/news\/wp-json\/wp\/v2\/comments?post=350796"}],"version-history":[{"count":1,"href":"https:\/\/www.radioluna.it\/news\/wp-json\/wp\/v2\/posts\/350796\/revisions"}],"predecessor-version":[{"id":350799,"href":"https:\/\/www.radioluna.it\/news\/wp-json\/wp\/v2\/posts\/350796\/revisions\/350799"}],"wp:featuredmedia":[{"embeddable":true,"href":"https:\/\/www.radioluna.it\/news\/wp-json\/wp\/v2\/media\/350797"}],"wp:attachment":[{"href":"https:\/\/www.radioluna.it\/news\/wp-json\/wp\/v2\/media?parent=350796"}],"wp:term":[{"taxonomy":"category","embeddable":true,"href":"https:\/\/www.radioluna.it\/news\/wp-json\/wp\/v2\/categories?post=350796"},{"taxonomy":"post_tag","embeddable":true,"href":"https:\/\/www.radioluna.it\/news\/wp-json\/wp\/v2\/tags?post=350796"}],"curies":[{"name":"wp","href":"https:\/\/api.w.org\/{rel}","templated":true}]}}