{"id":350830,"date":"2024-04-19T12:29:20","date_gmt":"2024-04-19T10:29:20","guid":{"rendered":"https:\/\/www.radioluna.it\/news\/?p=350830"},"modified":"2024-04-19T12:29:20","modified_gmt":"2024-04-19T10:29:20","slug":"coloriamo-la-vita-la-mostra-di-anna-lungo-al-caffe-degli-artisti","status":"publish","type":"post","link":"https:\/\/www.radioluna.it\/news\/2024\/04\/coloriamo-la-vita-la-mostra-di-anna-lungo-al-caffe-degli-artisti\/","title":{"rendered":"Coloriamo la vita, la mostra di Anna Lungo al Caff\u00e8 degli Artisti"},"content":{"rendered":"<div id=\"fb-root\"><\/div>\n<p><strong>LATINA &#8211;<\/strong> Sar\u00e0 inaugurata marted\u00ec 23 aprile (alle 18,30), al caff\u00e8 degli Artisti di Latina, la mostra &#8220;Coloriamo la vita. Senza limiti e senza confini&#8221;, personale dell&#8217;artista Anna Lungo che torna ad esporre dopo la rassegna Sguardo D&#8217;Arte.<\/p>\n<p>Le opere resteranno negli spazi di Via Armando Diaz dal 22 aprile al 20 maggio.<\/p>\n<div class=\"radio-posizionamento-telefono-in-articoli-dopo-il-contenuto-articolo radio-entity-placement\" id=\"radio-3788381192\"><div id=\"radio-826691337\"><a href=\"https:\/\/www.simeoneceramiche.com\/\" aria-label=\"SIMEONE CERAMICHE GIF animata per radioluna_Tavola disegno 1 copia 2 (online-video-cutter.com)\"><img loading=\"lazy\" decoding=\"async\" src=\"https:\/\/www.radioluna.it\/news\/wp-content\/uploads\/2025\/05\/SIMEONE-CERAMICHE-GIF-animata-per-radioluna_Tavola-disegno-1-copia-2-online-video-cutter.com_.gif\" alt=\"\"  width=\"300\" height=\"250\"   \/><\/a><\/div><\/div>","protected":false},"excerpt":{"rendered":"<p>LATINA &#8211; Sar\u00e0 inaugurata marted\u00ec 23 aprile (alle 18,30), al caff\u00e8 degli Artisti di Latina, la mostra &#8220;Coloriamo la vita. Senza limiti e senza confini&#8221;, personale dell&#8217;artista Anna Lungo che torna ad esporre dopo la rassegna Sguardo D&#8217;Arte. Le opere resteranno negli spazi di Via Armando Diaz dal 22 aprile al 20 maggio.<\/p>\n","protected":false},"author":60,"featured_media":350831,"comment_status":"open","ping_status":"open","sticky":false,"template":"","format":"standard","meta":{"footnotes":""},"categories":[16],"tags":[],"class_list":["post-350830","post","type-post","status-publish","format-standard","has-post-thumbnail","hentry","category-appuntamenti"],"_links":{"self":[{"href":"https:\/\/www.radioluna.it\/news\/wp-json\/wp\/v2\/posts\/350830","targetHints":{"allow":["GET"]}}],"collection":[{"href":"https:\/\/www.radioluna.it\/news\/wp-json\/wp\/v2\/posts"}],"about":[{"href":"https:\/\/www.radioluna.it\/news\/wp-json\/wp\/v2\/types\/post"}],"author":[{"embeddable":true,"href":"https:\/\/www.radioluna.it\/news\/wp-json\/wp\/v2\/users\/60"}],"replies":[{"embeddable":true,"href":"https:\/\/www.radioluna.it\/news\/wp-json\/wp\/v2\/comments?post=350830"}],"version-history":[{"count":1,"href":"https:\/\/www.radioluna.it\/news\/wp-json\/wp\/v2\/posts\/350830\/revisions"}],"predecessor-version":[{"id":350832,"href":"https:\/\/www.radioluna.it\/news\/wp-json\/wp\/v2\/posts\/350830\/revisions\/350832"}],"wp:featuredmedia":[{"embeddable":true,"href":"https:\/\/www.radioluna.it\/news\/wp-json\/wp\/v2\/media\/350831"}],"wp:attachment":[{"href":"https:\/\/www.radioluna.it\/news\/wp-json\/wp\/v2\/media?parent=350830"}],"wp:term":[{"taxonomy":"category","embeddable":true,"href":"https:\/\/www.radioluna.it\/news\/wp-json\/wp\/v2\/categories?post=350830"},{"taxonomy":"post_tag","embeddable":true,"href":"https:\/\/www.radioluna.it\/news\/wp-json\/wp\/v2\/tags?post=350830"}],"curies":[{"name":"wp","href":"https:\/\/api.w.org\/{rel}","templated":true}]}}