{"id":350867,"date":"2024-04-21T07:15:32","date_gmt":"2024-04-21T05:15:32","guid":{"rendered":"https:\/\/www.radioluna.it\/news\/?p=350867"},"modified":"2024-04-22T08:19:31","modified_gmt":"2024-04-22T06:19:31","slug":"epilessia-la-commissione-istruzione-a-latina-punta-alla-sensibilizzazione","status":"publish","type":"post","link":"https:\/\/www.radioluna.it\/news\/2024\/04\/epilessia-la-commissione-istruzione-a-latina-punta-alla-sensibilizzazione\/","title":{"rendered":"Epilessia, la commissione Istruzione a Latina punta alla sensibilizzazione"},"content":{"rendered":"<div id=\"fb-root\"><\/div>\n<p style=\"text-align: justify;\"><strong>LATINA &#8211;<\/strong> Continua l\u2019impegno della commissione &#8220;Istruzione&#8221; del Comune di Latina per fare dell\u2019inclusione un punto di forza dell\u2019accrescimento e della formazione delle nuove generazioni. Luned\u00ec mattina all\u2019ordine del giorno della seduta \u00e8 stato affrontato il tema delle strategie da attuare per sensibilizzare i cittadini verso una malattia sociale come l\u2019epilessia. Presenti due delegati della Fondazione LICE ( Lega Italiana Contro l&#8217;Epilessia). Il presidente Coriddi, anche a nome dell\u2019assessore Tesone, assente per motivi istituzionali, ha aperto i lavori sottolineando il grande impegno di tutti i commissari nell\u2019affrontare questi temi e spiegando come \u201cdiffondere una cultura positiva del rispetto della diversit\u00e0 sia una priorit\u00e0 per l\u2019amministrazione comunale di Latina\u201d. La discussione \u00e8 entrata nel vivo con la frase emblematica riportata in un libro illustrativo della malattia \u201cle medicine sono state inventate per far parte del mondo non per tener fuori\u201d. Frase utilizzata da una bambina affetta da epilessia alla quale era stato proibito di partecipare ad una gita scolastica creando un forte pregiudizio nei suoi confronti. \u201cSi tratta di situazioni che, purtroppo, rischiano di ripetersi e che, come istituzioni, abbiamo il dovere di prevenire affinch\u00e8 le ripercussioni sulla crescita e sull\u2019autostima non diventino \u2013 spiega Coriddi &#8211; distruttive\u201d. A seguito alla visione del cortometraggio &#8220;Fuori dall&#8217;acqua&#8221; la Commissione ha approvato all\u2019 unanimit\u00e0 la volont\u00e0 di procedere all&#8217;organizzazione di uno o pi\u00f9 Matin\u00e8 per la sua proiezione aderendo alla campagna &#8220;al cinema con l\u2019Epilessia&#8221;. Si \u00e8 deciso, inoltre, di organizzare per tutte le scuole, di ogni ordine e grado, degli incontri alla presenza anche del personale medico specializzato per sensibilizzare ed informare su una malattia molto diffusa. La commissione prossimamente indirizzer\u00e0 l\u2019amministrazione all\u2019inserimento di un banner informatico sul proprio sito affinch\u00e8 chiunque possa avere le nozioni di informazioni che aiutino il pregiudizio riducendo l\u2019esclusione.<\/p>\n<p style=\"text-align: justify;\">\u00a0\u201cRingrazio tutta la Commissione ed il Comune di Latina \u2013 spiega Davide Bove &#8211; per l&#8217;entusiasmo e la sensibilit\u00e0 con cui hanno accolto le nostre iniziative. Siamo consci che questo sia solo l&#8217;inizio di una collaborazione fruttuosa che porter\u00e0 al superamento dello stigma che da sempre accompagna questa malattia, nella speranza che le future generazioni sappiano affrontarla con pi\u00f9 consapevolezza per aiutare concretamente quanti ne soffrono e le loro famiglie\u201d.<\/p>\n<p style=\"text-align: justify;\">\u201cNonostante se ne parli ormai frequentemente, l\u2019inclusione scolastica non sempre \u00e8 facile da attuare tra i banchi di scuola e questo fa s\u00ec che chi \u00e8 diverso, magari proprio a causa di una malattia come l\u2019epilessia spesso non riesca ad integrarsi e a vivere questa fase della vita con spensieratezza e allegria. La diversit\u00e0, qualunque essa sia, va conosciuta e spiegata con strumenti adeguati per poter essere capita e vissuta \u2013 conclude Coriddi &#8211; da chi non ha ancora pregiudizi e barriere come i bambini e i ragazzi. La commissione che ho l\u2019onore di presiedere proseguir\u00e0 su questo percorso al fianco delle famiglie e dei ragazzi perch\u00e8 sono loro il cuore pulsante del nostro presente e il motore del nostro futuro\u201d.<\/p>\n<div class=\"radio-posizionamento-telefono-in-articoli-dopo-il-contenuto-articolo radio-entity-placement\" id=\"radio-739004519\"><div id=\"radio-2219610305\"><a href=\"https:\/\/www.simeoneceramiche.com\/\" aria-label=\"SIMEONE CERAMICHE GIF animata per radioluna_Tavola disegno 1 copia 2 (online-video-cutter.com)\"><img loading=\"lazy\" decoding=\"async\" src=\"https:\/\/www.radioluna.it\/news\/wp-content\/uploads\/2025\/05\/SIMEONE-CERAMICHE-GIF-animata-per-radioluna_Tavola-disegno-1-copia-2-online-video-cutter.com_.gif\" alt=\"\"  width=\"300\" height=\"250\"   \/><\/a><\/div><\/div>","protected":false},"excerpt":{"rendered":"<p>LATINA &#8211; Continua l\u2019impegno della commissione &#8220;Istruzione&#8221; del Comune di Latina per fare dell\u2019inclusione un punto di forza dell\u2019accrescimento e della formazione delle nuove generazioni. Luned\u00ec mattina all\u2019ordine del giorno della seduta \u00e8 stato affrontato il tema delle strategie da attuare per sensibilizzare i cittadini verso una malattia sociale come l\u2019epilessia. Presenti due delegati della [&hellip;]<\/p>\n","protected":false},"author":60,"featured_media":0,"comment_status":"open","ping_status":"open","sticky":false,"template":"","format":"standard","meta":{"footnotes":""},"categories":[248],"tags":[],"class_list":["post-350867","post","type-post","status-publish","format-standard","hentry","category-istruzione"],"_links":{"self":[{"href":"https:\/\/www.radioluna.it\/news\/wp-json\/wp\/v2\/posts\/350867","targetHints":{"allow":["GET"]}}],"collection":[{"href":"https:\/\/www.radioluna.it\/news\/wp-json\/wp\/v2\/posts"}],"about":[{"href":"https:\/\/www.radioluna.it\/news\/wp-json\/wp\/v2\/types\/post"}],"author":[{"embeddable":true,"href":"https:\/\/www.radioluna.it\/news\/wp-json\/wp\/v2\/users\/60"}],"replies":[{"embeddable":true,"href":"https:\/\/www.radioluna.it\/news\/wp-json\/wp\/v2\/comments?post=350867"}],"version-history":[{"count":0,"href":"https:\/\/www.radioluna.it\/news\/wp-json\/wp\/v2\/posts\/350867\/revisions"}],"wp:attachment":[{"href":"https:\/\/www.radioluna.it\/news\/wp-json\/wp\/v2\/media?parent=350867"}],"wp:term":[{"taxonomy":"category","embeddable":true,"href":"https:\/\/www.radioluna.it\/news\/wp-json\/wp\/v2\/categories?post=350867"},{"taxonomy":"post_tag","embeddable":true,"href":"https:\/\/www.radioluna.it\/news\/wp-json\/wp\/v2\/tags?post=350867"}],"curies":[{"name":"wp","href":"https:\/\/api.w.org\/{rel}","templated":true}]}}