{"id":350869,"date":"2024-04-20T08:36:09","date_gmt":"2024-04-20T06:36:09","guid":{"rendered":"https:\/\/www.radioluna.it\/news\/?p=350869"},"modified":"2024-04-23T14:28:50","modified_gmt":"2024-04-23T12:28:50","slug":"domenica-la-pedagnalonga-numero-50-che-e-gia-sold-out-da-tempo","status":"publish","type":"post","link":"https:\/\/www.radioluna.it\/news\/2024\/04\/domenica-la-pedagnalonga-numero-50-che-e-gia-sold-out-da-tempo\/","title":{"rendered":"Domenica la Pedagnalonga numero 50 che \u00e8 gi\u00e0 sold-out da tempo"},"content":{"rendered":"<div id=\"fb-root\"><\/div>\n<p style=\"text-align: justify;\">BORGO HERMADA &#8211; Domani \u00e8 il giorno della Pedagnalonga. La partenza della corsa podistica e della passeggiata \u00e8 fissata, per entrambe, alle 9:30 da piazza XXIV Maggio, nel cuore di Borgo Hermada. Sar\u00e0 una domenica speciale per tutti i partecipanti che si ritroveranno in piazza fin dalle 8:00 del mattino per prepararsi alla partenza: sia la gara sia la passeggiata sono sold-out da tempo, per questo gli organizzatori invitano a non presentarsi alla partenza se non muniti di tagliando poich\u00e9 il tracciato interessa molti fondi privati sui quali non si pu\u00f2 accedere senza pettorale. L\u2019associazione Pedagnalonga ringrazia la Polizia Locale, la Protezione Civile e tutte le altre realt\u00e0 che collaborano alla buona riuscita della manifestazione.<\/p>\n<p style=\"text-align: justify;\">Vista la notevole affluenza di persone l\u2019Associazione che organizza l\u2019evento ha previsto, come ormai ogni anno, la presenza massiccia della Croce Rossa Italiana che avr\u00e0 la sua centrale operativa nella zona di partenza ma che sar\u00e0 collegata via radio con i 60 operatori sparsi lungo il percorso con la presenza di due ambulanze per sorvegliare con discrezione ma con grande attenzione, l\u2019evento pi\u00f9 frequentato del territorio.<\/p>\n<p style=\"text-align: justify;\">PARCHEGGI &#8211; A Borgo Hermada sono previste quattro aree di parcheggio controllate dai volontari, presenti sul posto per fornire indicazioni, ma non sorvegliate: via Cesare Battisti numero 19 (parcheggio antistante il Conad di Borgo Hermada), due aree di sosta in via dei Bonificatori della Palude Pontina (fronte istituto comprensivo Alfredo Fiorini) e l\u2019altra area \u00e8 in via Circonvallazione (fronte campo sportivo, lato tribuna). Sul sito internet www.pedagnalonga.it (sezione accommodation) si pu\u00f2 consultare la mappa per identificare le aree parcheggio.<\/p>\n<p style=\"text-align: justify;\">STRADE CHIUSE &#8211; Per tutta la giornata di domenica sono interdette al traffico le seguenti zone di Borgo Hermada: piazza XXIV Maggio chiusa gi\u00e0 dal giorno precedente, poi solo la domenica anche piazza IV Novembre, via Cesare Battisti nel tratto compreso tra le due piazze e via dell\u2019Acquedotto. Su queste strade \u00e8 prevista anche la rimozione forzata dei veicoli in sosta.<\/p>\n<p style=\"text-align: justify;\">Alcune strade pi\u00f9 periferiche sono interdette al traffico solo durante il passaggio degli atleti e dei passeggiatori: via Mortola, via Migliara 57, via Capo dei Bufali, via Macchiarella, via Guardiola, via Migliara 58, via Macchia di Piano II, via Circondariale, via Macchia di Piano I, via Angelo Sani, via De Medici e via Bonificatori della Palude Pontina.<\/p>\n<p style=\"text-align: justify;\">In questi giorni il ponte di accesso a Borgo Hermada da via Migliara 58 \u00e8 interessato da lavori. Qualora quell\u2019accesso fosse ancora interdetto il giorno della Pedagnalonga consigliamo, a chi arriva da nord sulla Pontina, di procedere fino alla rotonda (locale Mc Donald\u2019s) entrando cos\u00ec a Borgo Hermada, da sud, passando per via Pantani da Basso.<\/p>\n","protected":false},"excerpt":{"rendered":"<p>BORGO HERMADA &#8211; Domani \u00e8 il giorno della Pedagnalonga. La partenza della corsa podistica e della passeggiata \u00e8 fissata, per entrambe, alle 9:30 da piazza XXIV Maggio, nel cuore di Borgo Hermada. Sar\u00e0 una domenica speciale per tutti i partecipanti che si ritroveranno in piazza fin dalle 8:00 del mattino per prepararsi alla partenza: sia [&hellip;]<\/p>\n","protected":false},"author":5430,"featured_media":0,"comment_status":"open","ping_status":"open","sticky":false,"template":"","format":"standard","meta":{"footnotes":""},"categories":[17],"tags":[],"class_list":["post-350869","post","type-post","status-publish","format-standard","hentry","category-sport"],"_links":{"self":[{"href":"https:\/\/www.radioluna.it\/news\/wp-json\/wp\/v2\/posts\/350869","targetHints":{"allow":["GET"]}}],"collection":[{"href":"https:\/\/www.radioluna.it\/news\/wp-json\/wp\/v2\/posts"}],"about":[{"href":"https:\/\/www.radioluna.it\/news\/wp-json\/wp\/v2\/types\/post"}],"author":[{"embeddable":true,"href":"https:\/\/www.radioluna.it\/news\/wp-json\/wp\/v2\/users\/5430"}],"replies":[{"embeddable":true,"href":"https:\/\/www.radioluna.it\/news\/wp-json\/wp\/v2\/comments?post=350869"}],"version-history":[{"count":0,"href":"https:\/\/www.radioluna.it\/news\/wp-json\/wp\/v2\/posts\/350869\/revisions"}],"wp:attachment":[{"href":"https:\/\/www.radioluna.it\/news\/wp-json\/wp\/v2\/media?parent=350869"}],"wp:term":[{"taxonomy":"category","embeddable":true,"href":"https:\/\/www.radioluna.it\/news\/wp-json\/wp\/v2\/categories?post=350869"},{"taxonomy":"post_tag","embeddable":true,"href":"https:\/\/www.radioluna.it\/news\/wp-json\/wp\/v2\/tags?post=350869"}],"curies":[{"name":"wp","href":"https:\/\/api.w.org\/{rel}","templated":true}]}}