{"id":351209,"date":"2024-04-26T11:20:06","date_gmt":"2024-04-26T09:20:06","guid":{"rendered":"https:\/\/www.radioluna.it\/news\/?p=351209"},"modified":"2024-05-03T13:40:57","modified_gmt":"2024-05-03T11:40:57","slug":"latina-il-duo-daniele-bonaviri-e-monica-de-luca-apre-gli-incontri-con-la-chitarra","status":"publish","type":"post","link":"https:\/\/www.radioluna.it\/news\/2024\/04\/latina-il-duo-daniele-bonaviri-e-monica-de-luca-apre-gli-incontri-con-la-chitarra\/","title":{"rendered":"Latina, il duo Daniele Bonaviri e Monica De Luca apre gli &#8220;Incontri con la Chitarra&#8221;"},"content":{"rendered":"<div id=\"fb-root\"><\/div>\n<p style=\"text-align: justify;\"><strong>LATINA<\/strong> &#8211; Da domani, <strong>sabato 27 aprile<\/strong>, entra nel vivo \u201cIncontri con la chitarra\u201d, una serie di concerti che anticipa il tradizionale appuntamento con la storica rassegna Caroso Festival. Si tratta di tre appuntamenti con altrettanti maestri delle sei corde, tutti in programma sul palco dell\u2019<strong>Ateneo delle Arti, in via Don Torello a Latina<\/strong>.<\/p>\n<p style=\"text-align: justify;\">Ad aprire la <strong>terza edizione<\/strong> dalle ore 19 sar\u00e0 <strong>il duo composto da Daniele Bonaviri e Monica De Luca<\/strong>, tra i maggiori chitarristi italiani di flamenco che presenteranno un progetto che unisce l&#8217;intesa e la creativit\u00e0 di due musicisti dando vita ad un<strong> viaggio musicale tra flamenco antico e contemporaneo<\/strong>. Il programma prevede musiche originali del duo che spazieranno da Soleares &#8220;A mi manera&#8221; a &#8220;Fly&#8221; passando ad \u201cAmarga verdad\u201d, \u201cTanguileria\u201d, \u201dCaminar\u201d, \u201cTinto de verano\u201d,\u00a0 \u201cLluvia\u201d, \u201cArabo flamenco\u201d, \u201cPachar\u00e1n\u201d per chiudere con \u201cBuleria\u00a0 \u00a0 Tomatito\u201d. I colori radiosi del mediterraneo sono narrati da Bonaviri e De Luca in composizioni originali che racchiudono il patrimonio folkloristico andaluso, l\u2019eredit\u00e0 araba e sefardita mediante una coscienza musicale di radice hind\u00fa. Due modi di interpretare musiche i cui ritmi polimetrici e moduli melodici restituiscono la complessa eterogeneit\u00e0 delle terre da cui provengono. Un ampio spazio lasciato all&#8217;improvvisazione favorito dalla complicit\u00e0 dei musicisti aiuta a costituire l&#8217;offerta musicale sempre nuova e originale di questo inedito duo.<\/p>\n<p style=\"text-align: justify;\"><strong>GLI ALTRI CONCERTI<\/strong> &#8211; I successivi due appuntamenti con \u201cIncontri con la chitarra\u201d saranno venerd\u00ec 3 maggio con il super ospite J\u00e9r\u00e9my Jouve e sabato 11 maggio con il giovane talento \u201cnostrano\u201d Nicola Galeotti.\u00a0 Il Caroso Festival &#8211; Incontri con la chitarra \u00e8 come sempre ideato e diretto dal maestro Stefano Raponi. Il costo dei singoli eventi \u00e8 di 10 euro per il duo Daniele Bonaviri e Monica De Luca, 15 euro per J\u00e9r\u00e9my Jouve e 7 euro per Nicola Galeotti. Si consiglia la prenotazione\u00a0 inviando una email a info@carosofestival.it o un messaggio whatsapp al numero 3282729468.<\/p>\n","protected":false},"excerpt":{"rendered":"<p>LATINA &#8211; Da domani, sabato 27 aprile, entra nel vivo \u201cIncontri con la chitarra\u201d, una serie di concerti che anticipa il tradizionale appuntamento con la storica rassegna Caroso Festival. Si tratta di tre appuntamenti con altrettanti maestri delle sei corde, tutti in programma sul palco dell\u2019Ateneo delle Arti, in via Don Torello a Latina. Ad [&hellip;]<\/p>\n","protected":false},"author":60,"featured_media":351210,"comment_status":"open","ping_status":"open","sticky":false,"template":"","format":"standard","meta":{"footnotes":""},"categories":[16],"tags":[5692,5693,23,2154],"class_list":["post-351209","post","type-post","status-publish","format-standard","has-post-thumbnail","hentry","category-appuntamenti","tag-chitarra-latina","tag-flamenco","tag-latina","tag-notizie-di-latina"],"_links":{"self":[{"href":"https:\/\/www.radioluna.it\/news\/wp-json\/wp\/v2\/posts\/351209","targetHints":{"allow":["GET"]}}],"collection":[{"href":"https:\/\/www.radioluna.it\/news\/wp-json\/wp\/v2\/posts"}],"about":[{"href":"https:\/\/www.radioluna.it\/news\/wp-json\/wp\/v2\/types\/post"}],"author":[{"embeddable":true,"href":"https:\/\/www.radioluna.it\/news\/wp-json\/wp\/v2\/users\/60"}],"replies":[{"embeddable":true,"href":"https:\/\/www.radioluna.it\/news\/wp-json\/wp\/v2\/comments?post=351209"}],"version-history":[{"count":1,"href":"https:\/\/www.radioluna.it\/news\/wp-json\/wp\/v2\/posts\/351209\/revisions"}],"predecessor-version":[{"id":351212,"href":"https:\/\/www.radioluna.it\/news\/wp-json\/wp\/v2\/posts\/351209\/revisions\/351212"}],"wp:featuredmedia":[{"embeddable":true,"href":"https:\/\/www.radioluna.it\/news\/wp-json\/wp\/v2\/media\/351210"}],"wp:attachment":[{"href":"https:\/\/www.radioluna.it\/news\/wp-json\/wp\/v2\/media?parent=351209"}],"wp:term":[{"taxonomy":"category","embeddable":true,"href":"https:\/\/www.radioluna.it\/news\/wp-json\/wp\/v2\/categories?post=351209"},{"taxonomy":"post_tag","embeddable":true,"href":"https:\/\/www.radioluna.it\/news\/wp-json\/wp\/v2\/tags?post=351209"}],"curies":[{"name":"wp","href":"https:\/\/api.w.org\/{rel}","templated":true}]}}