{"id":351254,"date":"2024-04-26T15:51:29","date_gmt":"2024-04-26T13:51:29","guid":{"rendered":"https:\/\/www.radioluna.it\/news\/?p=351254"},"modified":"2024-05-01T11:29:46","modified_gmt":"2024-05-01T09:29:46","slug":"cittadinanza-onoraria-a-elma-sananaun-ponte-tra-mostardas-e-aprilia-nel-nome-di-menotti-garibaldi","status":"publish","type":"post","link":"https:\/\/www.radioluna.it\/news\/2024\/04\/cittadinanza-onoraria-a-elma-sananaun-ponte-tra-mostardas-e-aprilia-nel-nome-di-menotti-garibaldi\/","title":{"rendered":"Cittadinanza onoraria a Elma San&#8217;Ana: un ponte tra Mostardas e Aprilia nel nome di Menotti Garibaldi"},"content":{"rendered":"<div id=\"fb-root\"><\/div>\n<p style=\"text-align: justify;\"><strong>APRILIA &#8211;<\/strong> La cittadinanza onoraria che l\u2019amministrazione comunale ha voluto concedere alla scrittrice Elma Sant\u2019Ana, rappresenta un tassello di vitale importanza per preservare il gemellaggio che lega le comunit\u00e0 di Aprilia e Mostardas in nome di Menotti Garibaldi, eroico condottiero nato in Brasile nel Rio Grande do Sul e sepolto presso la localit\u00e0 denominata in suo onore Carano Garibaldi.<\/p>\n<p style=\"text-align: justify;\">Questa mattina il sindaco di Aprilia Lanfranco Principi ha consegnato alla professoressa Elma Sant\u2019Ana l\u2019attestato che ratifica la volont\u00e0 espressa dal consiglio comunale con delibera votata all\u2019unanimit\u00e0.<\/p>\n<p style=\"text-align: justify;\">Presenti alla cerimonia, moderata dal Capo di Gabinetto del Comune di Aprilia Marcello Rampolla del Tindaro, consiglieri e assessori del Comune di Aprilia, l\u2019assessore Monia Bastianelli in rappresentanza del Comune di Velletri, il presidente del consiglio comunale di Cisterna Quirino Mancini, il presidente del Comitato per il gemellaggio Francesco Argondizzo, l\u2019assessore alla cultura con delega ai gemellaggi del Comune di Aprilia Elvis Martino. Ad allietare la celebrazione la musica della maestra Maria Ausilia D\u2019Antona, che ha intonato gli inni del Brasile e d\u2019Italia, il coro Laeta Corda diretto dal Maestro Christian Alderete e del maestro Loris Zecchin.<\/p>\n<p style=\"text-align: justify;\">Il Primo Cittadino di Aprilia ha sottoscritto e consegnato alla scrittrice Elma Sant\u2019Ana l\u2019attestato per la concessione della cittadinanza onoraria, mentre la professoressa in ragione del legame storico tra Aprilia e Mostardas, ha donato al sindaco Principi la bandiera del Brasile, una moneta coniata con su impressa la figura di Anita Garibaldi, l\u2019atto di nascita di Menotti Garibaldi, avvenuta il 16 Settembre 1940 a Mostardas nel Rio Grande Do Sul e un quaderno di studio che rievoca le radici del gemellaggio, iniziato il 26 Aprile 1996 con la Giunta guidata da Gianni Cosmi.<\/p>\n<p style=\"text-align: justify;\">La cittadinanza onoraria \u00e8 il pi\u00f9 alto riconoscimento che un comune decide di concedere a personalit\u00e0 che si sono distinte per particolari meriti, per azioni, per opere di ingegno, attraverso le quali hanno portato lustro alla citt\u00e0. Nel caso della professoressa Elma Sant\u2019Ana, che oggi ricevere questa onorificenza, \u00e8 anche l\u2019amministrazione ad avere l\u2019onore di poter chiamare concittadina una studiosa che pi\u00f9 di ogni altro ricercatore ha saputo valorizzare la figura di Menotti Garibaldi attraverso i suoi importanti libri \u2013 \u201cMenotti, il condottiero figlio di Anita e Garibaldi\u201d, solo per citare un titolo\u2013 ma soprattutto ha avuto il merito di creare un ponte tra due localit\u00e0 tanto lontane, ma unite nel ricordo del celebre condottiero. Aprilia le deve molto, per aver dato impulso al Gemellaggio Aprilia- Mostardas ormai 28 anni fa e per aver attivamente contribuito a mantenerlo in vita. Per questi motivi sar\u00e0 un onore a partire da questa giornata, poterla considerare a tutti gli effetti una cittadina di Aprilia\u201d.<\/p>\n<p style=\"text-align: justify;\">\u201cGli scrittori non sono i protagonisti \u2013 ha sottolineato la professoressa Elma Sant\u2019Ana \u2013 la nostra missione \u00e8 quella di fare luce perch\u00e9 i fatti storici non rischino di perdersi. Il Gemellaggio ha tenuto viva la fiamma che lega le nostre comunit\u00e0, portando avanti un progetto avviato dal 1994, data del mio primo incontro a Caprera con il generale Calogero Rinaldi e con Domenico Di Stefano. Mi piace ricordare chi con me ha avviato il gemellaggio, il sindaco Gianni Cosmi, Osvaldo Sbattella, Giustino Izzo, Mario Berna, Ciotti, Marco Davi e Francesco Argondizzo. Ricordo anche gli amici che ci hanno prematuramente lasciati, Domenico Di Stefano, il generale Rinaldi, Maria Stefania Ravizza Garibaldi e il giornalista Gianfranco Compagno. Oggi raccogliamo i i frutti di semi coltivati tanti anni fa e siamo a disposizione per far germogliare nuovi semi tramite questo legame\u201d.<\/p>\n<p style=\"text-align: justify;\">\u201cRingrazio il nostro sindaco- ha rimarcato il presidente del Comitato per il Gemellaggio Francesco Argondizzo \u2013 per aver raccolto questo seme antico, utile a unire culturalmente e spiritualmente comunit\u00e0 che appartengono allo stesso mondo. Questo legame rappresenta anche un messaggio di pace\u201d.<\/p>\n<p style=\"text-align: justify;\">\u201cUna cerimonia toccante \u2013 ha concluso l\u2019assessore Elvis Martino \u2013 e ringrazio il presidente del Comitato per il gemellaggio per aver avanzato questa importante proposta. Mi sento di ricordare chi si \u00e8 attivamente speso per tener vivo il gemellaggio, il giornalista Gianfranco Compagno e Maria Stefania Ravizza Garibaldi. Come amministrazione stiamo proseguendo un importante lavoro teso a ricordare nelle scuole la figura di Menotti Garibaldi, come avvenuto anche attraverso il Festival delle culture. Un sentito ringraziamento ad Elma Sant\u2019Ana, il legame di amicizia tra le nostre citt\u00e0 da lei ispirato \u00e8 motivo d\u2019orgoglio\u201d.<\/p>\n","protected":false},"excerpt":{"rendered":"<p>APRILIA &#8211; La cittadinanza onoraria che l\u2019amministrazione comunale ha voluto concedere alla scrittrice Elma Sant\u2019Ana, rappresenta un tassello di vitale importanza per preservare il gemellaggio che lega le comunit\u00e0 di Aprilia e Mostardas in nome di Menotti Garibaldi, eroico condottiero nato in Brasile nel Rio Grande do Sul e sepolto presso la localit\u00e0 denominata in [&hellip;]<\/p>\n","protected":false},"author":60,"featured_media":0,"comment_status":"open","ping_status":"open","sticky":false,"template":"","format":"standard","meta":{"footnotes":""},"categories":[735],"tags":[],"class_list":["post-351254","post","type-post","status-publish","format-standard","hentry","category-attualita"],"_links":{"self":[{"href":"https:\/\/www.radioluna.it\/news\/wp-json\/wp\/v2\/posts\/351254","targetHints":{"allow":["GET"]}}],"collection":[{"href":"https:\/\/www.radioluna.it\/news\/wp-json\/wp\/v2\/posts"}],"about":[{"href":"https:\/\/www.radioluna.it\/news\/wp-json\/wp\/v2\/types\/post"}],"author":[{"embeddable":true,"href":"https:\/\/www.radioluna.it\/news\/wp-json\/wp\/v2\/users\/60"}],"replies":[{"embeddable":true,"href":"https:\/\/www.radioluna.it\/news\/wp-json\/wp\/v2\/comments?post=351254"}],"version-history":[{"count":1,"href":"https:\/\/www.radioluna.it\/news\/wp-json\/wp\/v2\/posts\/351254\/revisions"}],"predecessor-version":[{"id":351279,"href":"https:\/\/www.radioluna.it\/news\/wp-json\/wp\/v2\/posts\/351254\/revisions\/351279"}],"wp:attachment":[{"href":"https:\/\/www.radioluna.it\/news\/wp-json\/wp\/v2\/media?parent=351254"}],"wp:term":[{"taxonomy":"category","embeddable":true,"href":"https:\/\/www.radioluna.it\/news\/wp-json\/wp\/v2\/categories?post=351254"},{"taxonomy":"post_tag","embeddable":true,"href":"https:\/\/www.radioluna.it\/news\/wp-json\/wp\/v2\/tags?post=351254"}],"curies":[{"name":"wp","href":"https:\/\/api.w.org\/{rel}","templated":true}]}}