{"id":351298,"date":"2024-04-27T11:24:00","date_gmt":"2024-04-27T09:24:00","guid":{"rendered":"https:\/\/www.radioluna.it\/news\/?p=351298"},"modified":"2024-05-01T11:29:53","modified_gmt":"2024-05-01T09:29:53","slug":"stefanelli-iv-a-scauri-per-il-primo-passo-verso-leuropa","status":"publish","type":"post","link":"https:\/\/www.radioluna.it\/news\/2024\/04\/stefanelli-iv-a-scauri-per-il-primo-passo-verso-leuropa\/","title":{"rendered":"Stefanelli (Iv) a Scauri per \u201cIl primo passo verso l\u2019Europa\u201d"},"content":{"rendered":"<div id=\"fb-root\"><\/div>\n<p style=\"text-align: justify;\"><strong>SCAURI<\/strong> &#8211; Domani, \u00a0domenica 28 Aprile alle ore 10.00 a Villa Eleonora a Scauri ci sar\u00e0 \u201cIl primo passo verso l\u2019Europa\u201d di Gerardo Stefanelli, in cammino per le elezioni europee dell\u20198 e 9 Giugno.<\/p>\n<p style=\"text-align: justify;\">L\u2019annuncio ufficiale era avvenuto lo scorso venerd\u00ec 19 Aprile a Civitavecchia con Marietta Tidei, quando il leader di Italia Viva Matteo Renzi li aveva presentati come candidati del Lazio nel Collegio dell\u2019Italia Centrale, illustrando il progetto politico degli Stati Uniti d\u2019Europa.<\/p>\n<p style=\"text-align: justify;\">\u201cDopo la presentazione a Civitavecchia, non potevo che partire da Scauri per il mio \u201cprimo passo verso l\u2019Europa\u201d, l\u2019inizio simbolico di un cammino impegnativo ed avvincente. \u201d \u2013 dichiara Gerardo Stefanelli \u2013 \u201c Nel momento in cui \u00e8 sempre pi\u00f9 debole la fiducia verso la Comunit\u00e0 Europea, ho deciso di\u00a0 candidarmi alle prossime elezioni dell\u20198 e 9 Giugno\u201d . Credo che l\u2019Europa sia la nostra casa democratica e il luogo dove costruire, sotto un\u2019unica grande bandiera, il nostro futuro.<\/p>\n<p style=\"text-align: justify;\">Per questo ho accolto con entusiasmo la sfida lanciatami da Matteo Renzi, perch\u00e9 fare politica \u00e8 quello che pi\u00f9 amo e sono convinto che il cambiamento radicale di cui ha bisogno l\u2019Europa deve partire proprio dalla politica. Stati Uniti d\u2019Europa \u00e8 l\u2019obiettivo che ci siamo prefissati e verso il quale siamo in cammino. Vogliamo guardare all\u2019Europa come un orizzonte che ci proietti verso le sfide vitali, per l\u2019Italia, la comunit\u00e0 europea e l\u2019umanit\u00e0 tutta. Non \u00e8 il momento di richiuderci entro noi stessi, ma di intraprendere un percorso che ci unisca e ci fortifichi.<\/p>\n<p style=\"text-align: justify;\">Questo \u00e8 il motivo per cui ho pensato a questa campagna elettorale come un cammino, lungo il quale incontrare persone con lo stesso desiderio, con cui ambire a far crescere il nostro progetto politico. Abbiamo bisogno di riscoprire l\u2019autenticit\u00e0 di una politica che vuole tornare ad essere centrale e concreta.\u201d<\/p>\n<p style=\"text-align: justify;\">Accanto a Gerardo Stefanelli domenica sar\u00e0 presente la Capogruppo di Italia Viva alla Regione Lazio Marietta Tidei, candidata nella medesima circoscrizione.<\/p>\n<p>&nbsp;<\/p>\n<p>&nbsp;<\/p>\n","protected":false},"excerpt":{"rendered":"<p>SCAURI &#8211; Domani, \u00a0domenica 28 Aprile alle ore 10.00 a Villa Eleonora a Scauri ci sar\u00e0 \u201cIl primo passo verso l\u2019Europa\u201d di Gerardo Stefanelli, in cammino per le elezioni europee dell\u20198 e 9 Giugno. L\u2019annuncio ufficiale era avvenuto lo scorso venerd\u00ec 19 Aprile a Civitavecchia con Marietta Tidei, quando il leader di Italia Viva Matteo [&hellip;]<\/p>\n","protected":false},"author":60,"featured_media":351300,"comment_status":"open","ping_status":"open","sticky":false,"template":"","format":"standard","meta":{"footnotes":""},"categories":[16],"tags":[],"class_list":["post-351298","post","type-post","status-publish","format-standard","has-post-thumbnail","hentry","category-appuntamenti"],"_links":{"self":[{"href":"https:\/\/www.radioluna.it\/news\/wp-json\/wp\/v2\/posts\/351298","targetHints":{"allow":["GET"]}}],"collection":[{"href":"https:\/\/www.radioluna.it\/news\/wp-json\/wp\/v2\/posts"}],"about":[{"href":"https:\/\/www.radioluna.it\/news\/wp-json\/wp\/v2\/types\/post"}],"author":[{"embeddable":true,"href":"https:\/\/www.radioluna.it\/news\/wp-json\/wp\/v2\/users\/60"}],"replies":[{"embeddable":true,"href":"https:\/\/www.radioluna.it\/news\/wp-json\/wp\/v2\/comments?post=351298"}],"version-history":[{"count":1,"href":"https:\/\/www.radioluna.it\/news\/wp-json\/wp\/v2\/posts\/351298\/revisions"}],"predecessor-version":[{"id":351302,"href":"https:\/\/www.radioluna.it\/news\/wp-json\/wp\/v2\/posts\/351298\/revisions\/351302"}],"wp:featuredmedia":[{"embeddable":true,"href":"https:\/\/www.radioluna.it\/news\/wp-json\/wp\/v2\/media\/351300"}],"wp:attachment":[{"href":"https:\/\/www.radioluna.it\/news\/wp-json\/wp\/v2\/media?parent=351298"}],"wp:term":[{"taxonomy":"category","embeddable":true,"href":"https:\/\/www.radioluna.it\/news\/wp-json\/wp\/v2\/categories?post=351298"},{"taxonomy":"post_tag","embeddable":true,"href":"https:\/\/www.radioluna.it\/news\/wp-json\/wp\/v2\/tags?post=351298"}],"curies":[{"name":"wp","href":"https:\/\/api.w.org\/{rel}","templated":true}]}}