{"id":351318,"date":"2024-04-27T14:22:32","date_gmt":"2024-04-27T12:22:32","guid":{"rendered":"https:\/\/www.radioluna.it\/news\/?p=351318"},"modified":"2024-05-01T11:30:32","modified_gmt":"2024-05-01T09:30:32","slug":"latina-al-nicolosi-a-scuola-di-relazioni-interculturali","status":"publish","type":"post","link":"https:\/\/www.radioluna.it\/news\/2024\/04\/latina-al-nicolosi-a-scuola-di-relazioni-interculturali\/","title":{"rendered":"Latina, al Nicolosi a scuola di relazioni interculturali"},"content":{"rendered":"<div id=\"fb-root\"><\/div>\n<p style=\"text-align: justify;\"><img loading=\"lazy\" decoding=\"async\" class=\"size-full wp-image-351319 alignleft\" src=\"https:\/\/www.radioluna.it\/news\/wp-content\/uploads\/2024\/04\/locandina-mediazione.jpg\" alt=\"\" width=\"371\" height=\"345\" \/>Luned\u00ec 29 aprile, dalle 17:00 alle 19:00, presso la scuola E. De Amicis in via Col di Lana, si terr\u00e0 un importante workshop dal titolo &#8220;Mediazione Interculturale: Oltre le Parole&#8221;. Questo evento &#8211; spiegano gli organizzatori &#8211;\u00a0 nasce da una necessit\u00e0 pratica emersa negli ultimi mesi tra mediatrici e mediatori culturali attivi nel quartiere Nicolosi, in particolare presso la scuola De Amicis. Qui si sono ritrovati &#8220;vicini di casa&#8221; provenienti da diverse fasce d&#8217;et\u00e0, religioni, culture, nazionalit\u00e0 e condizioni sociali.<br \/>\nLa vicinanza tra queste diverse comunit\u00e0 \u00e8 stata resa possibile grazie all&#8217;attivit\u00e0 di rete e agli interventi continui promossi dal progetto &#8220;Mediazione Sociale&#8221;, quali corsi di italiano L2, doposcuola e altri corsi frequentati principalmente da cittadini italiani organizzati dalle associazioni locali.<br \/>\nCristiana Russo, coordinatrice del progetto Mediazione Sociale, spiega: \u00abLa semplice vicinanza non \u00e8 sufficiente per creare relazioni. L&#8217;incontro tra persone di culture diverse richiede accompagnamento e facilitazione per gestire in modo costruttivo i conflitti e prevenire le<br \/>\ndiscriminazioni. Il ruolo dei mediatori e delle mediatrici \u00e8 quindi fondamentale non solo per facilitare l\u2019incontro ma anche per promuovere un cambiamento culturale all\u2019interno dei servizi nei quali sono impiegati, rendendoli pi\u00f9 inclusivi e attenti alle esigenze individuali\u00bb.<br \/>\nL&#8217;evento vedr\u00e0 la partecipazione dei referenti dell&#8217;associazione Zai Saman, del Comitato Latina Nord e della scuola Penny Wirton di Latina.<br \/>\nIl progetto\u201cMediazione Sociale Latina \u2013 Recupero Urbano Integrato\u201d \u00e8 promosso dal Comune di Latina \u2013 Assessorato ai Lavori Pubblici, finanziato dalla Presidenza del Consiglio dei Ministri nell\u2019ambito del bando delle periferie e gestito dalla cooperativa sociale Il Quadrifoglio.<br \/>\nL&#8217;invito \u00e8 esteso a tutta la cittadinanza interessata a partecipare e contribuire a questa importante discussione.<\/p>\n<div class=\"radio-posizionamento-telefono-in-articoli-dopo-il-contenuto-articolo radio-entity-placement\" id=\"radio-3652790633\"><div id=\"radio-688836850\" style=\"width: 300px;height: 250px;\"><a href=\"https:\/\/www.icarspa.it\/auto\/usate\/latina\/\" aria-label=\"banner aprile icar new life &#8211; auto usate latina\"><img loading=\"lazy\" decoding=\"async\" src=\"https:\/\/www.radioluna.it\/news\/wp-content\/uploads\/2026\/02\/banner-aprile-icar-new-life-auto-usate-latina.gif\" alt=\"\"  width=\"300\" height=\"250\"   \/><\/a><\/div><\/div>","protected":false},"excerpt":{"rendered":"<p>Luned\u00ec 29 aprile, dalle 17:00 alle 19:00, presso la scuola E. De Amicis in via Col di Lana, si terr\u00e0 un importante workshop dal titolo &#8220;Mediazione Interculturale: Oltre le Parole&#8221;. Questo evento &#8211; spiegano gli organizzatori &#8211;\u00a0 nasce da una necessit\u00e0 pratica emersa negli ultimi mesi tra mediatrici e mediatori culturali attivi nel quartiere Nicolosi, [&hellip;]<\/p>\n","protected":false},"author":60,"featured_media":351319,"comment_status":"open","ping_status":"open","sticky":false,"template":"","format":"standard","meta":{"footnotes":""},"categories":[16],"tags":[],"class_list":["post-351318","post","type-post","status-publish","format-standard","has-post-thumbnail","hentry","category-appuntamenti"],"_links":{"self":[{"href":"https:\/\/www.radioluna.it\/news\/wp-json\/wp\/v2\/posts\/351318","targetHints":{"allow":["GET"]}}],"collection":[{"href":"https:\/\/www.radioluna.it\/news\/wp-json\/wp\/v2\/posts"}],"about":[{"href":"https:\/\/www.radioluna.it\/news\/wp-json\/wp\/v2\/types\/post"}],"author":[{"embeddable":true,"href":"https:\/\/www.radioluna.it\/news\/wp-json\/wp\/v2\/users\/60"}],"replies":[{"embeddable":true,"href":"https:\/\/www.radioluna.it\/news\/wp-json\/wp\/v2\/comments?post=351318"}],"version-history":[{"count":1,"href":"https:\/\/www.radioluna.it\/news\/wp-json\/wp\/v2\/posts\/351318\/revisions"}],"predecessor-version":[{"id":351320,"href":"https:\/\/www.radioluna.it\/news\/wp-json\/wp\/v2\/posts\/351318\/revisions\/351320"}],"wp:featuredmedia":[{"embeddable":true,"href":"https:\/\/www.radioluna.it\/news\/wp-json\/wp\/v2\/media\/351319"}],"wp:attachment":[{"href":"https:\/\/www.radioluna.it\/news\/wp-json\/wp\/v2\/media?parent=351318"}],"wp:term":[{"taxonomy":"category","embeddable":true,"href":"https:\/\/www.radioluna.it\/news\/wp-json\/wp\/v2\/categories?post=351318"},{"taxonomy":"post_tag","embeddable":true,"href":"https:\/\/www.radioluna.it\/news\/wp-json\/wp\/v2\/tags?post=351318"}],"curies":[{"name":"wp","href":"https:\/\/api.w.org\/{rel}","templated":true}]}}