{"id":351368,"date":"2024-04-29T10:13:30","date_gmt":"2024-04-29T08:13:30","guid":{"rendered":"https:\/\/www.radioluna.it\/news\/?p=351368"},"modified":"2024-05-01T11:30:17","modified_gmt":"2024-05-01T09:30:17","slug":"rissa-e-spari-a-sezze-il-pd-locale-almeno-cinque-gli-episodi-simili-noti","status":"publish","type":"post","link":"https:\/\/www.radioluna.it\/news\/2024\/04\/rissa-e-spari-a-sezze-il-pd-locale-almeno-cinque-gli-episodi-simili-noti\/","title":{"rendered":"Rissa e spari a Sezze, il Pd locale: &#8220;Almeno cinque gli episodi (simili) noti&#8221;"},"content":{"rendered":"<div id=\"fb-root\"><\/div>\n<p style=\"text-align: justify;\"><strong>SEZZE<\/strong> &#8211; All&#8217;indomani dei fatti di Sezze dove una ragazza \u00e8 rimasta ferita per sbaglio in uno scontro tra bande straniere, il Pd locale esprime &#8220;solidariet\u00e0 alla ragazza suo malgrado coinvolta&#8221; e analizza l&#8217;episodio, non il primo chiedendo interventi.<\/p>\n<p style=\"text-align: justify;\">&#8220;Dobbiamo amaramente constatare che questo episodio fa il paio con altri precedenti che si sono susseguiti nel corso di questi ultimi due anni &#8211; si legge in una nota &#8211; . Solo nel 2023 sono stati almeno cinque quelli noti che hanno portato alla ribalta il nostro paese e non certo per motivi edificanti. L&#8217;ordine pubblico \u00e8 un complesso dei beni giuridici fondamentali e degli interessi pubblici primari sui quali si regge l&#8217;ordinamento e la civile convivenza. Ebbene, questo fondamentale principio sembra essere completamente dimenticato o poco conosciuto dall&#8217;attuale amministrazione. Sono lontane le belle parole spese dall&#8217;attuale Sindaco durante la campagna elettorale, nella quale prometteva mari e monti e invitava la cittadinanza a votarlo per migliorare in maniera radicale un paese &#8220;ormai in declino&#8221;. Purtroppo il nostro paese non \u00e8 Collodi e non \u00e8 il paese delle favole, ma un territorio ampio che necessita di essere amministrato in modo adeguato e competente. Manca la bench\u00e9 minima percezione della sicurezza, costituzionalmente garantita, e l&#8217;ultimo episodio non pu\u00f2 essere considerato l&#8217;ennesimo casuale accadimento. Esso \u00e8 la palese dimostrazione della totale assenza di controlli e di una mancanza di attenzione costante, volta ad individuare le emergenti tensioni sociali e prevenire episodi di tale portata. L&#8217;attuale amministrazione ha la percezione del livello di rischio esistente e se s\u00ec, cosa della quale dubitiamo, cosa sta facendo in proposito? Come PD siamo molto preoccupati della situazione che sta degenerando continuamente e costantemente nell&#8217;assordante silenzio di chi sta guidando il nostro paese temiamo, per\u00f2, nella direzione sbagliata&#8221;.<\/p>\n<p style=\"text-align: justify;\">Il PD di Sezze annuncia una manifestazione sulla sicurezza &#8220;per invitare l\u2019amministrazione a mettere in campo azioni concrete e un protocollo per la sicurezza da discutere e concordare con gli enti dedicati e associazioni da sempre impegnate su questo argomento&#8221;.<\/p>\n<div class=\"radio-posizionamento-telefono-in-articoli-dopo-il-contenuto-articolo radio-entity-placement\" id=\"radio-603267057\"><div id=\"radio-1006062296\"><a href=\"https:\/\/grupporedi.it\/\" aria-label=\"Redi-Qr\"><img loading=\"lazy\" decoding=\"async\" src=\"https:\/\/www.radioluna.it\/news\/wp-content\/uploads\/2026\/03\/Redi-Qr.jpg\" alt=\"\"  srcset=\"https:\/\/www.radioluna.it\/news\/wp-content\/uploads\/2026\/03\/Redi-Qr.jpg 800w, https:\/\/www.radioluna.it\/news\/wp-content\/uploads\/2026\/03\/Redi-Qr-768x639.jpg 768w\" sizes=\"(max-width: 800px) 100vw, 800px\" width=\"300\" height=\"250\"   \/><\/a><\/div><\/div>","protected":false},"excerpt":{"rendered":"<p>SEZZE &#8211; All&#8217;indomani dei fatti di Sezze dove una ragazza \u00e8 rimasta ferita per sbaglio in uno scontro tra bande straniere, il Pd locale esprime &#8220;solidariet\u00e0 alla ragazza suo malgrado coinvolta&#8221; e analizza l&#8217;episodio, non il primo chiedendo interventi. &#8220;Dobbiamo amaramente constatare che questo episodio fa il paio con altri precedenti che si sono susseguiti [&hellip;]<\/p>\n","protected":false},"author":60,"featured_media":351370,"comment_status":"open","ping_status":"open","sticky":false,"template":"","format":"standard","meta":{"footnotes":""},"categories":[7],"tags":[],"class_list":["post-351368","post","type-post","status-publish","format-standard","has-post-thumbnail","hentry","category-cronaca"],"_links":{"self":[{"href":"https:\/\/www.radioluna.it\/news\/wp-json\/wp\/v2\/posts\/351368","targetHints":{"allow":["GET"]}}],"collection":[{"href":"https:\/\/www.radioluna.it\/news\/wp-json\/wp\/v2\/posts"}],"about":[{"href":"https:\/\/www.radioluna.it\/news\/wp-json\/wp\/v2\/types\/post"}],"author":[{"embeddable":true,"href":"https:\/\/www.radioluna.it\/news\/wp-json\/wp\/v2\/users\/60"}],"replies":[{"embeddable":true,"href":"https:\/\/www.radioluna.it\/news\/wp-json\/wp\/v2\/comments?post=351368"}],"version-history":[{"count":1,"href":"https:\/\/www.radioluna.it\/news\/wp-json\/wp\/v2\/posts\/351368\/revisions"}],"predecessor-version":[{"id":351371,"href":"https:\/\/www.radioluna.it\/news\/wp-json\/wp\/v2\/posts\/351368\/revisions\/351371"}],"wp:featuredmedia":[{"embeddable":true,"href":"https:\/\/www.radioluna.it\/news\/wp-json\/wp\/v2\/media\/351370"}],"wp:attachment":[{"href":"https:\/\/www.radioluna.it\/news\/wp-json\/wp\/v2\/media?parent=351368"}],"wp:term":[{"taxonomy":"category","embeddable":true,"href":"https:\/\/www.radioluna.it\/news\/wp-json\/wp\/v2\/categories?post=351368"},{"taxonomy":"post_tag","embeddable":true,"href":"https:\/\/www.radioluna.it\/news\/wp-json\/wp\/v2\/tags?post=351368"}],"curies":[{"name":"wp","href":"https:\/\/api.w.org\/{rel}","templated":true}]}}