{"id":351379,"date":"2024-04-29T11:24:07","date_gmt":"2024-04-29T09:24:07","guid":{"rendered":"https:\/\/www.radioluna.it\/news\/?p=351379"},"modified":"2024-05-04T08:27:23","modified_gmt":"2024-05-04T06:27:23","slug":"al-circolo-cittadino-un-concerto-benefico-per-la-lilt-di-latina","status":"publish","type":"post","link":"https:\/\/www.radioluna.it\/news\/2024\/04\/al-circolo-cittadino-un-concerto-benefico-per-la-lilt-di-latina\/","title":{"rendered":"Al circolo cittadino un concerto benefico per la Lilt di Latina"},"content":{"rendered":"<div id=\"fb-root\"><\/div>\n<p style=\"text-align: justify;\"><strong>LATINA<\/strong> &#8211; Un concerto blues il cui ricavato verr\u00e0 totalmente devoluto alla Lilt di Latina, la sezione locale della Lega italiana per la Lotta contro i tumori, \u00a0si terr\u00e0 il prossimo venerd\u00ec 3 maggio (alle ore 21), al Circolo Cittdino \u201cSante Palumbo\u201d in piazza del Popolo, nel cuore del capoluogo pontino. Ad esibirsi saranno i Bluesy Licks in \u201cThe best from UK\u201d, in un evento musicale organizzato dall\u2019associazione culturale Centro Turisco Giovanile &#8220;Latina in itinere&#8221;, che opera sul territorio pontino da dieci anni.<\/p>\n<p style=\"text-align: justify;\">\u00abCi teniamo molto a sostenere economicamente la Lilt\u00a0 &#8211; spiega il presidente dell&#8217;associazione Marco Checchinato raccontando di essere da molti anni legato alla lega tumori dove anche sua\u00a0 madre, Carla Maino, lavor\u00f2 come assistente sanitaria professionale quando lei stessa si ammal\u00f2 di tumore &#8211; Sar\u00e0 un concerto veramente fatto con il cuore \u2013 aggiunge \u2013 e colgo l&#8217;occasione, insieme a Giancarlo Antonelli, uno dei musicisti dei Bluesy Licks, per ringraziare il Circolo Cittadino \u201cSante Palumbo\u201d per l&#8217;ospitalit\u00e0. Un ringraziamento speciale, inoltre, va ai musicisti che si<br \/>\nesibiranno gratuitamente&#8221;.<\/p>\n<p style=\"text-align: justify;\">Il biglietto costa 10 euro che verranno totalmente devoluti alla Lilt provinciale di Latina presieduta da Nicoletta D&#8217;Erme.<\/p>\n","protected":false},"excerpt":{"rendered":"<p>LATINA &#8211; Un concerto blues il cui ricavato verr\u00e0 totalmente devoluto alla Lilt di Latina, la sezione locale della Lega italiana per la Lotta contro i tumori, \u00a0si terr\u00e0 il prossimo venerd\u00ec 3 maggio (alle ore 21), al Circolo Cittdino \u201cSante Palumbo\u201d in piazza del Popolo, nel cuore del capoluogo pontino. Ad esibirsi saranno i [&hellip;]<\/p>\n","protected":false},"author":62,"featured_media":351380,"comment_status":"open","ping_status":"open","sticky":false,"template":"","format":"standard","meta":{"footnotes":""},"categories":[16],"tags":[],"class_list":["post-351379","post","type-post","status-publish","format-standard","has-post-thumbnail","hentry","category-appuntamenti"],"_links":{"self":[{"href":"https:\/\/www.radioluna.it\/news\/wp-json\/wp\/v2\/posts\/351379","targetHints":{"allow":["GET"]}}],"collection":[{"href":"https:\/\/www.radioluna.it\/news\/wp-json\/wp\/v2\/posts"}],"about":[{"href":"https:\/\/www.radioluna.it\/news\/wp-json\/wp\/v2\/types\/post"}],"author":[{"embeddable":true,"href":"https:\/\/www.radioluna.it\/news\/wp-json\/wp\/v2\/users\/62"}],"replies":[{"embeddable":true,"href":"https:\/\/www.radioluna.it\/news\/wp-json\/wp\/v2\/comments?post=351379"}],"version-history":[{"count":1,"href":"https:\/\/www.radioluna.it\/news\/wp-json\/wp\/v2\/posts\/351379\/revisions"}],"predecessor-version":[{"id":351381,"href":"https:\/\/www.radioluna.it\/news\/wp-json\/wp\/v2\/posts\/351379\/revisions\/351381"}],"wp:featuredmedia":[{"embeddable":true,"href":"https:\/\/www.radioluna.it\/news\/wp-json\/wp\/v2\/media\/351380"}],"wp:attachment":[{"href":"https:\/\/www.radioluna.it\/news\/wp-json\/wp\/v2\/media?parent=351379"}],"wp:term":[{"taxonomy":"category","embeddable":true,"href":"https:\/\/www.radioluna.it\/news\/wp-json\/wp\/v2\/categories?post=351379"},{"taxonomy":"post_tag","embeddable":true,"href":"https:\/\/www.radioluna.it\/news\/wp-json\/wp\/v2\/tags?post=351379"}],"curies":[{"name":"wp","href":"https:\/\/api.w.org\/{rel}","templated":true}]}}