{"id":351382,"date":"2024-04-29T11:30:00","date_gmt":"2024-04-29T09:30:00","guid":{"rendered":"https:\/\/www.radioluna.it\/news\/?p=351382"},"modified":"2024-05-04T08:27:05","modified_gmt":"2024-05-04T06:27:05","slug":"allerta-meteo-rinviato-per-maltempo-il-trail-di-san-martino","status":"publish","type":"post","link":"https:\/\/www.radioluna.it\/news\/2024\/04\/allerta-meteo-rinviato-per-maltempo-il-trail-di-san-martino\/","title":{"rendered":"Allerta meteo, rinviato per maltempo il \u201cTrail di San Martino\u201d"},"content":{"rendered":"<div id=\"fb-root\"><\/div>\n<p><strong>PRIVERNO &#8211;<\/strong> Bisogner\u00e0 attendere il 9 giugno per il \u201cTrail di San Martino\u2013 Memorial Andrea Zuccaro\u201d, sesta tappa del Grande Slam Uisp \u201cNatalino Nocera\u201d in programma per il 1\u00b0 maggio, ma rinviata a causa del maltempo previsto.<\/p>\n<p>La giornata del Primo Maggio \u00e8 stata infatti concepita dagli organizzatori della Podistica Priverno come una grande festa per tutte le et\u00e0 e non solo per gli sportivi, in collaborazione con il Comune di Priverno, con svariate iniziative oltre alla gara podistica sulla distanza di 13 chilometri: attivit\u00e0 motorie per i pi\u00f9 piccoli, degustazioni di prodotti tipici, camminate e visite guidate, esibizioni di karate e kickboxing e perfino un concerto.<\/p>\n<p>Il meteo per\u00f2 non \u00e8 dei migliori e anzi \u00e8 stata annunciata un\u2019allerta gialla\/arancione proprio per mercoled\u00ec 1 maggio: &#8220;Per tutto il giorno, ma anche dalla notte precedente, sono annunciate piogge di forte intensit\u00e0 con venti tesi &#8211; dicono gli organizzatori &#8211; . Per questo motivo si \u00e8 deciso di rinviare l\u2019appuntamento, mantenendo completamente intatto l\u2019intero programma. Come concordato con il Comitato Territoriale Uisp di Latina, il \u201cTrail di San Martino\u201d andr\u00e0 in scena il prossimo 9 giugno.<\/p>\n<p>L\u2019iscrizione gi\u00e0 effettuata, naturalmente, rester\u00e0 valida anche per quella data. Chi fosse gi\u00e0 iscritto ma si trovasse impossibilitato a partecipare pu\u00f2 scrivere a atleticaleggera.latina@uisp.it per ottenere il rimborso delle spese sostenute.<\/p>\n<div class=\"radio-posizionamento-telefono-in-articoli-dopo-il-contenuto-articolo radio-entity-placement\" id=\"radio-2741202693\"><div id=\"radio-3019164751\"><a href=\"https:\/\/www.simeoneceramiche.com\/\" aria-label=\"SIMEONE CERAMICHE GIF animata per radioluna_Tavola disegno 1 copia 2 (online-video-cutter.com)\"><img loading=\"lazy\" decoding=\"async\" src=\"https:\/\/www.radioluna.it\/news\/wp-content\/uploads\/2025\/05\/SIMEONE-CERAMICHE-GIF-animata-per-radioluna_Tavola-disegno-1-copia-2-online-video-cutter.com_.gif\" alt=\"\"  width=\"300\" height=\"250\"   \/><\/a><\/div><\/div>","protected":false},"excerpt":{"rendered":"<p>PRIVERNO &#8211; Bisogner\u00e0 attendere il 9 giugno per il \u201cTrail di San Martino\u2013 Memorial Andrea Zuccaro\u201d, sesta tappa del Grande Slam Uisp \u201cNatalino Nocera\u201d in programma per il 1\u00b0 maggio, ma rinviata a causa del maltempo previsto. La giornata del Primo Maggio \u00e8 stata infatti concepita dagli organizzatori della Podistica Priverno come una grande festa [&hellip;]<\/p>\n","protected":false},"author":62,"featured_media":351383,"comment_status":"open","ping_status":"open","sticky":false,"template":"","format":"standard","meta":{"footnotes":""},"categories":[17],"tags":[],"class_list":["post-351382","post","type-post","status-publish","format-standard","has-post-thumbnail","hentry","category-sport"],"_links":{"self":[{"href":"https:\/\/www.radioluna.it\/news\/wp-json\/wp\/v2\/posts\/351382","targetHints":{"allow":["GET"]}}],"collection":[{"href":"https:\/\/www.radioluna.it\/news\/wp-json\/wp\/v2\/posts"}],"about":[{"href":"https:\/\/www.radioluna.it\/news\/wp-json\/wp\/v2\/types\/post"}],"author":[{"embeddable":true,"href":"https:\/\/www.radioluna.it\/news\/wp-json\/wp\/v2\/users\/62"}],"replies":[{"embeddable":true,"href":"https:\/\/www.radioluna.it\/news\/wp-json\/wp\/v2\/comments?post=351382"}],"version-history":[{"count":1,"href":"https:\/\/www.radioluna.it\/news\/wp-json\/wp\/v2\/posts\/351382\/revisions"}],"predecessor-version":[{"id":351384,"href":"https:\/\/www.radioluna.it\/news\/wp-json\/wp\/v2\/posts\/351382\/revisions\/351384"}],"wp:featuredmedia":[{"embeddable":true,"href":"https:\/\/www.radioluna.it\/news\/wp-json\/wp\/v2\/media\/351383"}],"wp:attachment":[{"href":"https:\/\/www.radioluna.it\/news\/wp-json\/wp\/v2\/media?parent=351382"}],"wp:term":[{"taxonomy":"category","embeddable":true,"href":"https:\/\/www.radioluna.it\/news\/wp-json\/wp\/v2\/categories?post=351382"},{"taxonomy":"post_tag","embeddable":true,"href":"https:\/\/www.radioluna.it\/news\/wp-json\/wp\/v2\/tags?post=351382"}],"curies":[{"name":"wp","href":"https:\/\/api.w.org\/{rel}","templated":true}]}}