{"id":351385,"date":"2024-04-29T13:07:33","date_gmt":"2024-04-29T11:07:33","guid":{"rendered":"https:\/\/www.radioluna.it\/news\/?p=351385"},"modified":"2024-04-29T13:07:33","modified_gmt":"2024-04-29T11:07:33","slug":"meditazione-testimonianze-musica-al-monastero-san-magno-a-fondi-la-giornata-internazionale-del-perdono","status":"publish","type":"post","link":"https:\/\/www.radioluna.it\/news\/2024\/04\/meditazione-testimonianze-musica-al-monastero-san-magno-a-fondi-la-giornata-internazionale-del-perdono\/","title":{"rendered":"Meditazione, testimonianze, musica: al Monastero San Magno a Fondi la Giornata Internazionale del Perdono"},"content":{"rendered":"<div id=\"fb-root\"><\/div>\n<p style=\"text-align: justify;\"><strong>FONDI<\/strong> &#8211; Torna al Monastero San Magno di Fondi la Giornata Internazionale del Perdono (GIP), per approfondire il significato del perdono, un appuntamento che, alla sua nona edizione, sar\u00e0 una maratona non-stop dalle ore 9 di sabato 4 maggio alle ore 13 di domenica 5 maggio tra meditazione, racconti e musica. A pensare, promuovere e coordinare l&#8217;iniziativa dal titolo &#8220;L&#8217;unica via\u00a0 d&#8217;uscita. Libera, guarisce, realizza&#8221;, saranno Don Francesco Fiorillo custode e responsabile della Fraternit\u00e0 Monastero San Magno di Fondi e Daniel Lumera, ideatore della Giornata Internazionale del Perdono e fondatore della My Life Design O.d.V. tanti gli ospiti tra cui Moni Ovadia e Agnese Moro.<\/p>\n<p style=\"text-align: justify;\"><strong>IL PROGRAMMA E LA NOTTE DEL PERDONO<\/strong>\u00a0&#8211; Novit\u00e0 di questa nona edizione la \u201cNotte del Perdono\u201d, che avr\u00e0 inizio dopo cena, alle ore 21.30 del sabato, con la testimonianza di Yolande Mukagasana, scrittrice ruandese sopravvissuta al genocidio del 1994 contro i tutsi, che per il suo impegno sociale ha ricevuto la candidatura al Premio Nobel per la Pace e la \u201cMenzione onorevole UNESCO Educazione alla pace\u201d. Faranno seguito il concerto meditativo \u201cMusica, Silenzio e Perdono\u201d con Francesca Bing al violino, Melissa Buccella all\u2019arpa e Luka Zotti alla tree pad key guitar, e due meditazioni sul Perdono proposte da Daniel Lumera, ideatore della Giornata Internazionale del Perdono e fondatore della My Life Design O.d.V., e Don Francesco Fiorillo, custode e responsabile della Fraternit\u00e0 Monastero San Magno di Fondi; quindi, il concerto \u201cUn Altro Sole\u201d di Amara, artista toscana definita \u201ccantautrice dell\u2019anima\u201d, in programma alle ore 23.30. Le meditazioni sul perdono proseguiranno, poi, tutta la notte fino all\u2019alba.<img loading=\"lazy\" decoding=\"async\" class=\"wp-image-351387 alignright\" src=\"https:\/\/www.radioluna.it\/news\/wp-content\/uploads\/2024\/04\/2.-Locandina-GIP-2024.jpeg\" alt=\"\" width=\"250\" height=\"354\" srcset=\"https:\/\/www.radioluna.it\/news\/wp-content\/uploads\/2024\/04\/2.-Locandina-GIP-2024.jpeg 1131w, https:\/\/www.radioluna.it\/news\/wp-content\/uploads\/2024\/04\/2.-Locandina-GIP-2024-768x1086.jpeg 768w, https:\/\/www.radioluna.it\/news\/wp-content\/uploads\/2024\/04\/2.-Locandina-GIP-2024-1086x1536.jpeg 1086w\" sizes=\"auto, (max-width: 250px) 100vw, 250px\" \/><\/p>\n<p style=\"text-align: justify;\">Le due giornate della GIP 2024 vedranno alternarsi da mattina a sera tavole rotonde, testimonianze e laboratori guidati dai Master dell\u2019International School of Forgiveness\u00ae&#xfe0f;: spazi intimi di riflessione e sperimentazione di pratiche di perdono in piccoli gruppi, quale \u201cmedicina naturale\u201d per recuperare il benessere di corpo e mente, come sempre pi\u00f9 ricerche scientifiche dimostrano. Grazie a un permesso speciale porteranno la loro testimonianza un gruppo di persone detenute nella sezione di alta sicurezza del Carcere di Milano Opera, attive nei laboratori Spes contra Spem di Nessuno Tocchi Caino. Inoltre, la mattina della domenica si potr\u00e0 partecipare a due attivit\u00e0 organizzate dalle facilitatrici del metodo My Life Design\u00ae&#xfe0f; e formatrici dell\u2019International School of Forgiveness\u00ae&#xfe0f;: alle ore 6.30 \u00e8 in programma \u201cLa Cura della Natura\u201d guidata da Serena Porciani, esperienza di consapevolezza in natura nel parco del monastero, con pratiche di respirazione e camminata consapevole, a cui fa seguito alle ore 9 la pratica \u201cPerdonare s\u00e9 stessi\u201d, condotta da Manuela Zavan.<\/p>\n<p style=\"text-align: justify;\"><strong>PER I BAMBINI<\/strong>\u00a0 &#8211; Infine, per i pi\u00f9 piccoli \u00e8 previsto nelle due giornate uno speciale Laboratorio Educare Per-dono, spazio di gioco e creativit\u00e0 per bambini dai 5 ai 10 anni, dove sar\u00e0 possibile fare esperienza del Perdono con attivit\u00e0 dedicate. E per i ragazzi delle medie il sabato mattina sar\u00e0 la volta di un laboratorio dedicato tenuto da Valeria Pompili, referente area Educazione della My Life Design O.d.V.<\/p>\n<p style=\"text-align: justify;\">&#8220;L\u2019edizione 2024 della GIP \u00e8 volta a esplorare\u00a0 &#8211; spiegano gli organizzatori &#8211; i processi di perdono da attuare nei momenti di profonda crisi, quando tutto fallisce e sembra crollarci il mondo addosso. Sar\u00e0 possibile apprendere come il perdono si configuri come la via per liberare una situazione, guarire s\u00e9 stessi e realizzare una soluzione concreta per ritrovare un profondo benessere e recuperare l\u2019integrit\u00e0 perduta&#8221;, come ha spiegato bene in <a href=\"https:\/\/www.facebook.com\/watch\/?v=1795503297526917&amp;rdid=lOLEiM8kZrJ5B4fJ\">un video diffuso su Fb Daniel Lumera<\/a>.<\/p>\n<p style=\"text-align: justify;\"><strong>COME PARTECIPARE<\/strong> &#8211; Sar\u00e0 possibile partecipare gratuitamente in presenza (iscrivendosi tramite Eventbrite) oppure seguire online, in diretta streaming, collegandosi al canale YouTube ufficiale dell\u2019Organizzazione di Volontariato My Life Design, ente del terzo settore vocato a diffondere un\u2019educazione alla consapevolezza che coinvolga tutte le sfere dell\u2019essere umano, per trasformare il Fare in Essere e permettere anche alle persone pi\u00f9 fragili, svantaggiate ed escluse di poter fare esperienza di s\u00e9.<\/p>\n<p style=\"text-align: justify;\">Interverranno, insieme a Daniel Lumera, Don Francesco Fiorillo e alla referente dell\u2019area Giustizia dell\u2019associazione My Life Design Cristina Franchini, con la moderazione di Candida Di Bonaventura: Agnese Moro, psicologa, ricercatrice e giornalista impegnata nella tutela della memoria collettiva e in ambito di giustizia riparativa; Bill Niada, imprenditore che ha dato vita a progetti e organizzazioni non profit di rilievo nazionale; Camillo Regalia, Direttore del Centro di Ateneo Studi e Ricerche sulla Famiglia e Direttore della Scuola di Dottorato in Psicologia dell\u2019Universit\u00e0 Cattolica di Milano, Presidente della Commissione Etica della Ricerca in Psicologia (CERPS) e autore di numerose pubblicazioni scientifiche con studi sui costrutti del perdono; Giacomo Campiotti, scrittore, sceneggiatore e regista, inizia la sua carriera collaborando con grandi nomi come Ermanno Olmi e Mario Monicelli, per poi coniugare la regia di film e serie di grande successo con un\u2019attenzione particolare alle tematiche sociali; Marco Sorbara, gi\u00e0 consigliere della Valle d\u2019Aosta, allenatore professionale di hockey, assolto in via definitiva dopo 909 giorni di custodia cautelare, e coordinatore del comitato della Fondazione Sapientia Mundi Onlus in materia di prevenzione e contrasto a bullismo, cyberbullismo, violenza di genere e disagio giovanile; Moni Ovadia, poliedrico artista dalla lunga carriera tra teatro, cinema, musica e letteratura.<\/p>\n<p style=\"text-align: justify;\">La Giornata Internazionale del Perdono nasce nel 2016 da un\u2019idea di Daniel Lumera, biologo naturalista, autore bestseller e riferimento internazionale nelle scienze del benessere e della qualit\u00e0 della vita e nella pratica della meditazione approfondita con Anthony Elenjimittam, discepolo diretto di Gandhi. Ha ottenuto per tre anni la Medaglia della Presidenza della Repubblica italiana.<\/p>\n","protected":false},"excerpt":{"rendered":"<p>FONDI &#8211; Torna al Monastero San Magno di Fondi la Giornata Internazionale del Perdono (GIP), per approfondire il significato del perdono, un appuntamento che, alla sua nona edizione, sar\u00e0 una maratona non-stop dalle ore 9 di sabato 4 maggio alle ore 13 di domenica 5 maggio tra meditazione, racconti e musica. A pensare, promuovere e [&hellip;]<\/p>\n","protected":false},"author":62,"featured_media":351386,"comment_status":"open","ping_status":"open","sticky":false,"template":"","format":"standard","meta":{"footnotes":""},"categories":[735,2428],"tags":[],"class_list":["post-351385","post","type-post","status-publish","format-standard","has-post-thumbnail","hentry","category-attualita","category-primo-piano"],"_links":{"self":[{"href":"https:\/\/www.radioluna.it\/news\/wp-json\/wp\/v2\/posts\/351385","targetHints":{"allow":["GET"]}}],"collection":[{"href":"https:\/\/www.radioluna.it\/news\/wp-json\/wp\/v2\/posts"}],"about":[{"href":"https:\/\/www.radioluna.it\/news\/wp-json\/wp\/v2\/types\/post"}],"author":[{"embeddable":true,"href":"https:\/\/www.radioluna.it\/news\/wp-json\/wp\/v2\/users\/62"}],"replies":[{"embeddable":true,"href":"https:\/\/www.radioluna.it\/news\/wp-json\/wp\/v2\/comments?post=351385"}],"version-history":[{"count":2,"href":"https:\/\/www.radioluna.it\/news\/wp-json\/wp\/v2\/posts\/351385\/revisions"}],"predecessor-version":[{"id":351390,"href":"https:\/\/www.radioluna.it\/news\/wp-json\/wp\/v2\/posts\/351385\/revisions\/351390"}],"wp:featuredmedia":[{"embeddable":true,"href":"https:\/\/www.radioluna.it\/news\/wp-json\/wp\/v2\/media\/351386"}],"wp:attachment":[{"href":"https:\/\/www.radioluna.it\/news\/wp-json\/wp\/v2\/media?parent=351385"}],"wp:term":[{"taxonomy":"category","embeddable":true,"href":"https:\/\/www.radioluna.it\/news\/wp-json\/wp\/v2\/categories?post=351385"},{"taxonomy":"post_tag","embeddable":true,"href":"https:\/\/www.radioluna.it\/news\/wp-json\/wp\/v2\/tags?post=351385"}],"curies":[{"name":"wp","href":"https:\/\/api.w.org\/{rel}","templated":true}]}}