{"id":351392,"date":"2024-04-29T13:37:40","date_gmt":"2024-04-29T11:37:40","guid":{"rendered":"https:\/\/www.radioluna.it\/news\/?p=351392"},"modified":"2024-05-03T07:13:48","modified_gmt":"2024-05-03T05:13:48","slug":"rissa-e-ferimento-a-sezze-sparo-in-centro-a-latina-il-prefetto-convoca-il-comitato-per-la-sicurezza","status":"publish","type":"post","link":"https:\/\/www.radioluna.it\/news\/2024\/04\/rissa-e-ferimento-a-sezze-sparo-in-centro-a-latina-il-prefetto-convoca-il-comitato-per-la-sicurezza\/","title":{"rendered":"Rissa e ferimento a Sezze, sparo in centro a Latina: il prefetto convoca il Comitato per la sicurezza"},"content":{"rendered":"<div id=\"fb-root\"><\/div>\n<p style=\"text-align: justify;\"><strong>LATINA<\/strong> &#8211; Il <strong>prefetto di Latina, Maurizio Falco<\/strong> ha convocato per domani, <strong>marted\u00ec 30 aprile<\/strong>, un <strong>comitato per l&#8217;ordine e la sicurezza<\/strong> nel quale sar\u00e0 in primo piano il<a href=\"https:\/\/www.radioluna.it\/news\/2024\/04\/sezze-ragazza-ferita-per-sbaglio-da-un-proiettile-dopo-una-violenta-rissa-tra-stranieri-identificato-chi-ha-sparato\/\"> grave fatto di cronaca verificatosi la notte di sabato a Sezze<\/a> dove una ragazza di vent&#8217;anni \u00e8 rimasta ferita.\u00a0 <strong>All&#8217;ordine del giorno anche l&#8217;episodio avvenuto venerd\u00ec sera a Latina<\/strong> dove in Via Don Morosini due uomini incappucciati hanno sparato un colpo di pistola in aria. L\u2019intervento del prefetto era stato sollecitato nell\u2019immediato proprio dalla sindaca Matilde Celentano.<\/p>\n<p style=\"text-align: justify;\">Intanto una prima ricostruzione di quanto accaduto nella notte di sabato nella citt\u00e0 Lepina \u00e8 arrivata proprio dal racconto della giovane vittima, Martina, che, dopo essere stata operata al Goretti, e ancora sotto shock, ha parlato con gli investigatori mettendo insieme i ricordi dei momenti che hanno preceduto lo sparo che l&#8217;ha raggiunta a un piede. Chi impugnava la pistola era tornato all&#8217;esterno del bar dove anche la ragazza si trovava, nella zona della movida di Sezze,\u00a0 a Ferro di Cavallo, cercando qualcuno. Era trascorso poco tempo da una rissa scoppiata tra due bande di uomini, albanesi e romeni. L&#8217;uomo ha urlato qualcosa, poi ha puntato l&#8217;arma contro uno dei presenti che per reazione l\u2019ha spostata con la mano allontanandola da se, senza sapere che l\u2019aggressore avrebbe comunque sparato facendo partire il proiettile che ha ferito al malleolo la ventenne romana. L&#8217;autore del ferimento \u00e8 attivamente ricercato, i carabinieri lo hanno identificato e la sua cattura sarebbe vicina. Deve rispondere di <strong>detenzione illegale di munizioni ed arma comune da sparo e lesioni personali.<\/strong><\/p>\n<p style=\"text-align: justify;\">La mamma di Martina, che era in videochiamata con la ragazza, ha diffuso nelle scorse ore e poi commentato sui social, il video girato da un residente e gi\u00e0 acquisito dai carabinieri, nel quale si vede una Lancia Y in fuga\u00a0 dalla zona e si sente anche un rumore sordo, forse lo sparo che ha colpito la figlia 20enne: \u00abNella sfortuna, Martina \u00e8 stata fortunata \u2013 posta la donna &#8211; poteva andarle molto peggio.\u00bb<\/p>\n<p style=\"text-align: justify;\">Il sindaco di Sezze Lidano Lucidi <a href=\"https:\/\/www.radioluna.it\/news\/2024\/04\/rissa-e-spari-a-sezze-ragazza-ferita-il-sindaco-lucidi-un-vero-e-proprio-trauma-per-la-citta\/\">definisce quanto accaduto nella notte tra sabato e domenica &#8220;un vero e proprio trauma per la citt\u00e0&#8221;<\/a>, e conferma problemi legati alla sicurezza chiedendo il supporto\u00a0 delle altre istituzioni.<\/p>\n<div class=\"radio-posizionamento-telefono-in-articoli-dopo-il-contenuto-articolo radio-entity-placement\" id=\"radio-3253471259\"><div id=\"radio-3262452448\"><a href=\"https:\/\/www.simeoneceramiche.com\/\" aria-label=\"SIMEONE CERAMICHE GIF animata per radioluna_Tavola disegno 1 copia 2 (online-video-cutter.com)\"><img loading=\"lazy\" decoding=\"async\" src=\"https:\/\/www.radioluna.it\/news\/wp-content\/uploads\/2025\/05\/SIMEONE-CERAMICHE-GIF-animata-per-radioluna_Tavola-disegno-1-copia-2-online-video-cutter.com_.gif\" alt=\"\"  width=\"300\" height=\"250\"   \/><\/a><\/div><\/div>","protected":false},"excerpt":{"rendered":"<p>LATINA &#8211; Il prefetto di Latina, Maurizio Falco ha convocato per domani, marted\u00ec 30 aprile, un comitato per l&#8217;ordine e la sicurezza nel quale sar\u00e0 in primo piano il grave fatto di cronaca verificatosi la notte di sabato a Sezze dove una ragazza di vent&#8217;anni \u00e8 rimasta ferita.\u00a0 All&#8217;ordine del giorno anche l&#8217;episodio avvenuto venerd\u00ec [&hellip;]<\/p>\n","protected":false},"author":62,"featured_media":0,"comment_status":"open","ping_status":"open","sticky":false,"template":"","format":"standard","meta":{"footnotes":""},"categories":[7],"tags":[],"class_list":["post-351392","post","type-post","status-publish","format-standard","hentry","category-cronaca"],"_links":{"self":[{"href":"https:\/\/www.radioluna.it\/news\/wp-json\/wp\/v2\/posts\/351392","targetHints":{"allow":["GET"]}}],"collection":[{"href":"https:\/\/www.radioluna.it\/news\/wp-json\/wp\/v2\/posts"}],"about":[{"href":"https:\/\/www.radioluna.it\/news\/wp-json\/wp\/v2\/types\/post"}],"author":[{"embeddable":true,"href":"https:\/\/www.radioluna.it\/news\/wp-json\/wp\/v2\/users\/62"}],"replies":[{"embeddable":true,"href":"https:\/\/www.radioluna.it\/news\/wp-json\/wp\/v2\/comments?post=351392"}],"version-history":[{"count":2,"href":"https:\/\/www.radioluna.it\/news\/wp-json\/wp\/v2\/posts\/351392\/revisions"}],"predecessor-version":[{"id":351394,"href":"https:\/\/www.radioluna.it\/news\/wp-json\/wp\/v2\/posts\/351392\/revisions\/351394"}],"wp:attachment":[{"href":"https:\/\/www.radioluna.it\/news\/wp-json\/wp\/v2\/media?parent=351392"}],"wp:term":[{"taxonomy":"category","embeddable":true,"href":"https:\/\/www.radioluna.it\/news\/wp-json\/wp\/v2\/categories?post=351392"},{"taxonomy":"post_tag","embeddable":true,"href":"https:\/\/www.radioluna.it\/news\/wp-json\/wp\/v2\/tags?post=351392"}],"curies":[{"name":"wp","href":"https:\/\/api.w.org\/{rel}","templated":true}]}}