{"id":351402,"date":"2024-04-29T15:44:42","date_gmt":"2024-04-29T13:44:42","guid":{"rendered":"https:\/\/www.radioluna.it\/news\/?p=351402"},"modified":"2024-05-01T08:55:36","modified_gmt":"2024-05-01T06:55:36","slug":"lievito-martedi-e-il-giorno-del-nobel-parisi","status":"publish","type":"post","link":"https:\/\/www.radioluna.it\/news\/2024\/04\/lievito-martedi-e-il-giorno-del-nobel-parisi\/","title":{"rendered":"Lievito, marted\u00ec \u00e8 il giorno del Nobel Parisi"},"content":{"rendered":"<div id=\"fb-root\"><\/div>\n<p style=\"text-align: justify;\"><strong>LATINA &#8211;<\/strong> \u00c8 il giorno del professor Giorgio Parisi. Domani, marted\u00ec 30 novembre, Lievito porta il premio Nobel per la Fisica 2021 sul palco del teatro D\u2019Annunzio. Un regalo che la rassegna ha inteso fare alla citt\u00e0, con il sostegno prezioso dei tanti sponsor che ha consentito la gratuit\u00e0 dell\u2019incontro. Tutti in ascolto a partire dalle 19.30: chi non sar\u00e0 in platea, potr\u00e0 seguire l\u2019evento sulla pagina facebook della rassegna o al link dedicato: <a href=\"http:\/\/direttaeventi.com\/lievito\">http:\/\/direttaeventi.com\/lievito<\/a>.<\/p>\n<p style=\"text-align: justify;\">Il fisico italiano dialogher\u00e0 con il direttore di Lievito Scienza, il dottor Gianni Morelli.<\/p>\n<p style=\"text-align: justify;\"><em>\u00abUn Nobel non \u00e8 solo un premio, che pure \u00e8 importante, <\/em>&#8211; spiega Morelli<em> \u2013 ma \u00e8 la storia unica e irripetibile della persona che lo ha conseguito. Latina in questa rassegna \u00e8 euforica di incontrare Parisi, come dimostra l\u2019enorme risposta dei cittadini che a poche ore dall\u2019apertura delle prenotazioni hanno fatto registrare il sold out. <\/em><\/p>\n<p style=\"text-align: justify;\"><em>\u00abCercheremo in questo dialogo di far emergere anche gli aspetti umani che hanno portato il professor Parisi a raggiungere questo risultato fatto di impegno e probabilmente sacrifici. Un altro aspetto che verr\u00e0 sottolineato nel corso dell\u2019incontro \u00e8 quello che Parisi non ha mai nascosto: il necessario confronto della scienza con la societ\u00e0. Il premio Nobel si \u00e8 sempre esposto pubblicamente: ha sottoscritto appelli per il clima, l\u2019ambiente e sulla sanit\u00e0 pubblica, senza mai tirarsi indietro rispetto all\u2019urgenza di costruire un rapporto tra esponenti del mondo intellettuale e societ\u00e0 civile. Nel dialogo con i cittadini di Latina potr\u00e0 emergere dunque il suo punto di vista su temi scientifici e sul rapporto tra scienza e societ\u00e0, politica, potere. Il dialogo con il professor Giorgio Parisi sar\u00e0 arricchito da contributi audiovisivi con narrazioni e ricordi di ex colleghi che useremo come spunto per aprire riflessioni su alcune grandi tematiche. Uno spazio importante sar\u00e0 offerto poi alle domande del pubblico. Infine, la conclusione facendo il punto di questa straordinaria occasione offerta alla citt\u00e0\u00bb.<\/em><\/p>\n<p style=\"text-align: justify;\"><em>\u00abIncontrare il professor Parisi \u00e8 un\u2019opportunit\u00e0 straordinaria per Latina, c\u2019\u00e8 attesa anche tra i giovani. Voglio ricordare che abbiamo qui una comunit\u00e0 di ragazze e ragazzi che hanno frequentato o frequentano la facolt\u00e0 di fisica della Sapienza e hanno festeggiato all\u2019universit\u00e0 quando Parisi \u00e8 stato premiato. Per loro avere a Latina un Nobel, per l\u2019esattezza un Nobel romano, \u00e8 una vera e propria festa\u00bb.<\/em><\/p>\n<p style=\"text-align: justify;\">Nell\u2019ultima giornata della rassegna spazio anche alla fotografia. Alle 17.00, nella sala grande di Palazzo M, Gabriele Rossi presenta \u201cThe Lizard\u201d, la sua nuova monografia pubblicata dalla casa editrice statunitense Deadbeat Club. Dopo il lancio a New York, l\u2019autore sceglie Lievito per la prima presentazione del libro in Italia. In questo suo ultimo lavoro, Rossi si confronta con il paesaggio americano e con una certa visione non soltanto fotografica, ma anche letteraria di questa realt\u00e0. Appena arrivato a New York, dove risiede per sei mesi, il fotografo si sente sopraffatto dalla metropoli e dal suo ritmo, cos\u00ec diverso da quello della sua piccola citt\u00e0 sulla costa italiana. L\u2019esplorazione lo porta a riflettere sul concetto di \u201ccasa\u201d e a tornare negli Stati Uniti altre due volte per indagare questa compulsione attraverso pi\u00f9 di dieci stati nel Midwest e nell\u2019Ovest. Il risultato \u00e8 The Lizard, una raccolta di scatti che raccontano l\u2019America e la storia del suo vivere lontano da casa. L\u2019incontro sar\u00e0 moderato dal direttore artistico di Lievito, Renato Chiocca.<\/p>\n<p>Alle 18.00 ci si sposta nel cortile di Palazzo M per lo spettacolo musicale-narrativo del coro D&#8217;Altrocanto Nonostante Tutto, diretto da Paola Salvezza. \u201cThere\u2019s a place for us\u2026 somewhere\u201d \u00e8 il racconto incrociato di due esodi: la fuga dalla Palestina in Egitto della sacra famiglia e il viaggio di una donna palestinese alla ricerca di un futuro migliore per suo figlio. Al racconto si alterneranno canti popolari dell\u2019emigrazione e canzoni d\u2019autore eseguiti dal gruppo vocale femminile, accompagnato in quest\u2019occasione da Salvatore Palombi (voce narrante), Patrizia Pastore (voce e chitarra), Francesca Bartoli (pianoforte) e Marco Malagola (percussioni).<\/p>\n<p>Chiude in bellezza Lievito kids con lo spettacolo di burattini \u201cFatti a pezzi\u201d, della compagnia Chumbala Cachumbala. Gli autori e interpreti Paolo Iorio e Carolina Cifuentes Dominguez aspettano bambine e bambini alle 17.00 nella sala del caminetto.<\/p>\n<p>Dato l\u2019incontro con Parisi, l\u2019appuntamento nel foyer di Palazzo M con la degustazione \u00e8 anticipato alle 19. Offrono la Strada dei Vini e il ristorante Assunta.<\/p>\n<div class=\"radio-posizionamento-telefono-in-articoli-dopo-il-contenuto-articolo radio-entity-placement\" id=\"radio-3465027983\"><div id=\"radio-3281924844\"><a href=\"https:\/\/grupporedi.it\/\" aria-label=\"Redi-Qr\"><img loading=\"lazy\" decoding=\"async\" src=\"https:\/\/www.radioluna.it\/news\/wp-content\/uploads\/2026\/03\/Redi-Qr.jpg\" alt=\"\"  srcset=\"https:\/\/www.radioluna.it\/news\/wp-content\/uploads\/2026\/03\/Redi-Qr.jpg 800w, https:\/\/www.radioluna.it\/news\/wp-content\/uploads\/2026\/03\/Redi-Qr-768x639.jpg 768w\" sizes=\"(max-width: 800px) 100vw, 800px\" width=\"300\" height=\"250\"   \/><\/a><\/div><\/div>","protected":false},"excerpt":{"rendered":"<p>LATINA &#8211; \u00c8 il giorno del professor Giorgio Parisi. Domani, marted\u00ec 30 novembre, Lievito porta il premio Nobel per la Fisica 2021 sul palco del teatro D\u2019Annunzio. Un regalo che la rassegna ha inteso fare alla citt\u00e0, con il sostegno prezioso dei tanti sponsor che ha consentito la gratuit\u00e0 dell\u2019incontro. Tutti in ascolto a partire [&hellip;]<\/p>\n","protected":false},"author":60,"featured_media":0,"comment_status":"open","ping_status":"open","sticky":false,"template":"","format":"standard","meta":{"footnotes":""},"categories":[16],"tags":[],"class_list":["post-351402","post","type-post","status-publish","format-standard","hentry","category-appuntamenti"],"_links":{"self":[{"href":"https:\/\/www.radioluna.it\/news\/wp-json\/wp\/v2\/posts\/351402","targetHints":{"allow":["GET"]}}],"collection":[{"href":"https:\/\/www.radioluna.it\/news\/wp-json\/wp\/v2\/posts"}],"about":[{"href":"https:\/\/www.radioluna.it\/news\/wp-json\/wp\/v2\/types\/post"}],"author":[{"embeddable":true,"href":"https:\/\/www.radioluna.it\/news\/wp-json\/wp\/v2\/users\/60"}],"replies":[{"embeddable":true,"href":"https:\/\/www.radioluna.it\/news\/wp-json\/wp\/v2\/comments?post=351402"}],"version-history":[{"count":0,"href":"https:\/\/www.radioluna.it\/news\/wp-json\/wp\/v2\/posts\/351402\/revisions"}],"wp:attachment":[{"href":"https:\/\/www.radioluna.it\/news\/wp-json\/wp\/v2\/media?parent=351402"}],"wp:term":[{"taxonomy":"category","embeddable":true,"href":"https:\/\/www.radioluna.it\/news\/wp-json\/wp\/v2\/categories?post=351402"},{"taxonomy":"post_tag","embeddable":true,"href":"https:\/\/www.radioluna.it\/news\/wp-json\/wp\/v2\/tags?post=351402"}],"curies":[{"name":"wp","href":"https:\/\/api.w.org\/{rel}","templated":true}]}}