{"id":351409,"date":"2024-04-29T16:05:03","date_gmt":"2024-04-29T14:05:03","guid":{"rendered":"https:\/\/www.radioluna.it\/news\/?p=351409"},"modified":"2024-04-29T16:05:03","modified_gmt":"2024-04-29T14:05:03","slug":"parco-del-circeo-il-sindaco-celentano-incontra-il-neo-direttore-donati","status":"publish","type":"post","link":"https:\/\/www.radioluna.it\/news\/2024\/04\/parco-del-circeo-il-sindaco-celentano-incontra-il-neo-direttore-donati\/","title":{"rendered":"Parco del Circeo, il sindaco Celentano incontra il neo direttore Donati"},"content":{"rendered":"<div id=\"fb-root\"><\/div>\n<p style=\"text-align: justify;\"><strong>LATINA<\/strong> &#8211; Il sindaco di Latina Matilde Celentano, questa mattina a Sabaudia, ha preso parte alla riunione della Comunit\u00e0 del Parco, indetta dal presidente Alberto Mosca con all\u2019ordine del giorno il bilancio consuntivo dell\u2019Ente Parco Nazionale del Circeo.<\/p>\n<p style=\"text-align: justify;\">\u201cE\u2019 stata anche occasione \u2013 ha riferito il sindaco Celentano \u2013 per incontrare per la prima volta il dottor Stefano Donati, neo direttore dell\u2019Ente Parco Nazionale del Circeo a cui ho rivolto le mie congratulazioni per il nuovo incarico. Un geologo, un professionista di comprovata esperienza, nominato con decreto del Ministro dell\u2019Ambiente lo scorso 17 aprile e che sar\u00e0 operativo gi\u00e0 da questo fine settimana. Una scelta, quella del ministro Gilberto Pichetto Fratin, che ha premiato la professionalit\u00e0 e la competenza del dottor Donati, gi\u00e0 alla guida di altri importanti enti parco. La presenza di un geologo \u00e8 importante, vista la criticit\u00e0 dell\u2019erosione costiera che investe il nostro lungomare e per la quale stiamo lavorando in sinergia tra istituzioni. Sono certa che il Parco nazionale del Circeo, con la nuova guida rappresentata dal commissario straordinario Emanuela Zappone e il neo direttore Stefano Donati, potr\u00e0 uscire dall\u2019impasse a cui \u00e8 stato costretto per molti anni\u201d.<\/p>\n<p style=\"text-align: justify;\">Alla riunione hanno preso parte, oltre al sindaco di Sabaudia Mosca, al sindaco del capoluogo Celentano e al commissario straordinario Zappone, il vice presidente della Provincia di Latina Vincenzo Mattei, il commissario straordinario della Comunit\u00e0 arcipelago delle Isole Ponziane Gennaro Di Fazio e, in collegamento da remoto, il sindaco di San Felice Circeo Monia Di Cosimo.<\/p>\n<p>\u201cIl documento contabile illustrato oggi \u2013 ha proseguito il sindaco Celentano &#8211; ci restituisce la fotografia di un Parco che ha fatto \u2018miracoli\u2019, considerando la scarsissima disponibilit\u00e0 di risorse umane, appena poche unit\u00e0, a fronte di una superficie di quasi 9mila ettari, e numerosissimi beni immobili da gestire. La dotazione organica riconosciuta con la legge 133 del 2008 era di 14 unit\u00e0. Dopo 16 anni stiamo ancora ben al di sotto. E questa \u00e8 una delle criticit\u00e0 a cui il commissario Zappone sta lavorando sin dal suo insediamento. E ora che abbiamo il direttore, finalmente, si potr\u00e0 procedere ai reclutamenti, attivando le procedure burocratiche necessarie. Dobbiamo fare il possibile affinch\u00e9 l\u2019Ente Parco sia dotato del personale utile al raggiungimento degli obiettivi. La Comunit\u00e0 del Parco ha bisogno di un Parco efficiente affinch\u00e9 il suo territorio possa trarre beneficio, con ricadute positive sull\u2019economia locale. Lo sviluppo sostenibile \u00e8 possibile, il Parco del Circeo \u00e8 una risorsa. Abbiamo bisogno che sia valorizzata\u201d.<\/p>\n<p style=\"text-align: justify;\">\u201cConcludo dicendo che, l\u2019amministrazione comunale di Latina, che mi onoro di rappresentare, guarda \u2013 ha aggiunto il sindaco Celentano &#8211; con molto interesse alle capacit\u00e0 dell\u2019Ente Parco nazionale del Circeo. Un ente che ha avuto una gestazione lunghissima e che deve essere messo in condizioni di svolgere tutte quelle attivit\u00e0 di promozione del territorio per il benessere della collettivit\u00e0. L\u2019amministrazione comunale di Latina \u00e8 pronta a collaborare con il Parco per obiettivi condivisi\u201d.<\/p>\n<div class=\"radio-posizionamento-telefono-in-articoli-dopo-il-contenuto-articolo radio-entity-placement\" id=\"radio-2688638499\"><div id=\"radio-3315971202\" style=\"width: 300px;height: 250px;\"><a href=\"https:\/\/www.icarspa.it\/auto\/usate\/latina\/\" aria-label=\"banner aprile icar new life &#8211; auto usate latina\"><img loading=\"lazy\" decoding=\"async\" src=\"https:\/\/www.radioluna.it\/news\/wp-content\/uploads\/2026\/02\/banner-aprile-icar-new-life-auto-usate-latina.gif\" alt=\"\"  width=\"300\" height=\"250\"   \/><\/a><\/div><\/div>","protected":false},"excerpt":{"rendered":"<p>LATINA &#8211; Il sindaco di Latina Matilde Celentano, questa mattina a Sabaudia, ha preso parte alla riunione della Comunit\u00e0 del Parco, indetta dal presidente Alberto Mosca con all\u2019ordine del giorno il bilancio consuntivo dell\u2019Ente Parco Nazionale del Circeo. \u201cE\u2019 stata anche occasione \u2013 ha riferito il sindaco Celentano \u2013 per incontrare per la prima volta [&hellip;]<\/p>\n","protected":false},"author":60,"featured_media":0,"comment_status":"open","ping_status":"open","sticky":false,"template":"","format":"standard","meta":{"footnotes":""},"categories":[735,2428],"tags":[],"class_list":["post-351409","post","type-post","status-publish","format-standard","hentry","category-attualita","category-primo-piano"],"_links":{"self":[{"href":"https:\/\/www.radioluna.it\/news\/wp-json\/wp\/v2\/posts\/351409","targetHints":{"allow":["GET"]}}],"collection":[{"href":"https:\/\/www.radioluna.it\/news\/wp-json\/wp\/v2\/posts"}],"about":[{"href":"https:\/\/www.radioluna.it\/news\/wp-json\/wp\/v2\/types\/post"}],"author":[{"embeddable":true,"href":"https:\/\/www.radioluna.it\/news\/wp-json\/wp\/v2\/users\/60"}],"replies":[{"embeddable":true,"href":"https:\/\/www.radioluna.it\/news\/wp-json\/wp\/v2\/comments?post=351409"}],"version-history":[{"count":0,"href":"https:\/\/www.radioluna.it\/news\/wp-json\/wp\/v2\/posts\/351409\/revisions"}],"wp:attachment":[{"href":"https:\/\/www.radioluna.it\/news\/wp-json\/wp\/v2\/media?parent=351409"}],"wp:term":[{"taxonomy":"category","embeddable":true,"href":"https:\/\/www.radioluna.it\/news\/wp-json\/wp\/v2\/categories?post=351409"},{"taxonomy":"post_tag","embeddable":true,"href":"https:\/\/www.radioluna.it\/news\/wp-json\/wp\/v2\/tags?post=351409"}],"curies":[{"name":"wp","href":"https:\/\/api.w.org\/{rel}","templated":true}]}}