{"id":351412,"date":"2024-04-29T17:14:17","date_gmt":"2024-04-29T15:14:17","guid":{"rendered":"https:\/\/www.radioluna.it\/news\/?p=351412"},"modified":"2024-05-01T11:28:25","modified_gmt":"2024-05-01T09:28:25","slug":"ponte-sul-sisto-partita-la-fase-operativa-per-la-realizzazione-della-nuova-struttura","status":"publish","type":"post","link":"https:\/\/www.radioluna.it\/news\/2024\/04\/ponte-sul-sisto-partita-la-fase-operativa-per-la-realizzazione-della-nuova-struttura\/","title":{"rendered":"Ponte sul Sisto, partita la fase operativa per la realizzazione della nuova struttura"},"content":{"rendered":"<div id=\"fb-root\"><\/div>\n<p style=\"text-align: justify;\"><strong>TERRACINA &#8211;<\/strong> \u00c8 partita la fase operativa per la realizzazione del nuovo Ponte Sisto a Terracina dopo la firma del Protocollo d\u2019Intesa siglato in Prefettura. Si \u00e8 tenuto infatti in Comune, presso gli Uffici dei Lavori Pubblici, un incontro per stabilire concretamente i prossimi passi da fare per arrivare alla realizzazione della struttura nei tempi pi\u00f9 rapidi, considerato anche che \u00e8 stato nuovamente ribadito che si tratta di un\u2019opera urgente. Per il Comune era presente il Sindaco, Francesco Giannetti, il Dirigente Lavori Pubblici Luisa Arcese e il Capo Settore Veronica Soave. Per Anas era presente l\u2019Ing. Marco Moladori, Responsabile Struttura Territoriale Lazio, e l\u2019Ing. Paolo Nardocci, Responsabile Area Nuove Opere e Progettazione.<\/p>\n<p style=\"text-align: justify;\">Una riunione tecnica che \u00e8 stata anche l\u2019occasione per illustrare le idee di quello che sar\u00e0 il nuovo ponte, la struttura e i materiali da utilizzare, tutto rapportato alle esigenze e alle peculiarit\u00e0 della zona dove sorger\u00e0. Una struttura pensata a doppio senso di marcia con passaggio ciclopedonale. Quello che verr\u00e0 seguito adesso sar\u00e0 un percorso condiviso, con un gruppo di lavoro misto dove ognuno inizia subito ad operare con gli strumenti a disposizione.<\/p>\n<p style=\"text-align: justify;\">Nel corso dell\u2019incontro il responsabile Struttura Territoriale Anas Lazio Ing. Moladori ha sottolineato nuovamente come obiettivo strategico di questa stagione sia proprio un intervento sulle infrastrutture del basso Lazio.<\/p>\n<p style=\"text-align: justify;\">\u00abUn ulteriore passo in avanti per questo obiettivo che ci eravamo prefissati da subito: quello di garantire una viabilit\u00e0 adeguata per un asse viario strategico del territorio. Siamo perfettamente a conoscenza dei tanti disagi per i residenti, che ancora una volta voglio ringraziare per la loro pazienza. Come voglio ringraziare il Prefetto di Latina Maurizio Falco, Anas, la Provincia di Latina e il Comune di S. Felice Circeo per la loro presenza e il loro supporto necessario e concreto\u00bb, ha dichiarato il Sindaco di Terracina Francesco Giannetti.<\/p>\n<p>\u00abUn impegno che stiamo portando avanti nei tempi pi\u00f9 rapidi. Come ha dichiarato il Prefetto Maurizio Falco il giorno della stipula del protocollo d\u2019intesa, il progetto \u00e8 diventato \u2018irrevocabile\u2019, e siamo fiduciosi che il lavoro che stiamo svolgendo in sinergia ci consentir\u00e0 di ottenere entro l\u2019estate del prossimo anno il risultato che tutti auspichiamo a beneficio dell\u2019intero territorio, grazie al dialogo e al lavoro costante di tutti gli enti coinvolti\u00bb, ha dichiarato il Vicesindaco e Assessore ai Lavori Pubblici Claudio De Felice.<\/p>\n<p>&nbsp;<\/p>\n<div class=\"radio-posizionamento-telefono-in-articoli-dopo-il-contenuto-articolo radio-entity-placement\" id=\"radio-1269632446\"><div id=\"radio-2784718367\" style=\"width: 300px;height: 250px;\"><a href=\"https:\/\/www.icarspa.it\/auto\/usate\/latina\/\" aria-label=\"banner aprile icar new life &#8211; auto usate latina\"><img loading=\"lazy\" decoding=\"async\" src=\"https:\/\/www.radioluna.it\/news\/wp-content\/uploads\/2026\/02\/banner-aprile-icar-new-life-auto-usate-latina.gif\" alt=\"\"  width=\"300\" height=\"250\"   \/><\/a><\/div><\/div>","protected":false},"excerpt":{"rendered":"<p>TERRACINA &#8211; \u00c8 partita la fase operativa per la realizzazione del nuovo Ponte Sisto a Terracina dopo la firma del Protocollo d\u2019Intesa siglato in Prefettura. Si \u00e8 tenuto infatti in Comune, presso gli Uffici dei Lavori Pubblici, un incontro per stabilire concretamente i prossimi passi da fare per arrivare alla realizzazione della struttura nei tempi [&hellip;]<\/p>\n","protected":false},"author":60,"featured_media":0,"comment_status":"open","ping_status":"open","sticky":false,"template":"","format":"standard","meta":{"footnotes":""},"categories":[735],"tags":[],"class_list":["post-351412","post","type-post","status-publish","format-standard","hentry","category-attualita"],"_links":{"self":[{"href":"https:\/\/www.radioluna.it\/news\/wp-json\/wp\/v2\/posts\/351412","targetHints":{"allow":["GET"]}}],"collection":[{"href":"https:\/\/www.radioluna.it\/news\/wp-json\/wp\/v2\/posts"}],"about":[{"href":"https:\/\/www.radioluna.it\/news\/wp-json\/wp\/v2\/types\/post"}],"author":[{"embeddable":true,"href":"https:\/\/www.radioluna.it\/news\/wp-json\/wp\/v2\/users\/60"}],"replies":[{"embeddable":true,"href":"https:\/\/www.radioluna.it\/news\/wp-json\/wp\/v2\/comments?post=351412"}],"version-history":[{"count":0,"href":"https:\/\/www.radioluna.it\/news\/wp-json\/wp\/v2\/posts\/351412\/revisions"}],"wp:attachment":[{"href":"https:\/\/www.radioluna.it\/news\/wp-json\/wp\/v2\/media?parent=351412"}],"wp:term":[{"taxonomy":"category","embeddable":true,"href":"https:\/\/www.radioluna.it\/news\/wp-json\/wp\/v2\/categories?post=351412"},{"taxonomy":"post_tag","embeddable":true,"href":"https:\/\/www.radioluna.it\/news\/wp-json\/wp\/v2\/tags?post=351412"}],"curies":[{"name":"wp","href":"https:\/\/api.w.org\/{rel}","templated":true}]}}