{"id":351531,"date":"2024-05-01T09:15:21","date_gmt":"2024-05-01T07:15:21","guid":{"rendered":"https:\/\/www.radioluna.it\/news\/?p=351531"},"modified":"2024-05-02T12:11:27","modified_gmt":"2024-05-02T10:11:27","slug":"primo-maggio-a-latina-un-concerto-con-i-giovani-al-dannunzio-per-lavoro-pace-giustizia-sociale-legalita-sicurezza","status":"publish","type":"post","link":"https:\/\/www.radioluna.it\/news\/2024\/05\/primo-maggio-a-latina-un-concerto-con-i-giovani-al-dannunzio-per-lavoro-pace-giustizia-sociale-legalita-sicurezza\/","title":{"rendered":"Primo Maggio a Latina, un concerto con i giovani al D&#8217;Annunzio per lavoro, pace, giustizia sociale, legalit\u00e0, sicurezza"},"content":{"rendered":"<div id=\"fb-root\"><\/div>\n<p style=\"text-align: justify;\"><strong>LATINA<\/strong> &#8211; <strong>Lavoro, pace, giustizia sociale, legalit\u00e0 e basta morti sul lavoro<\/strong>. Sono i temi del Primo Maggio, la festa nata per\u00a0 &#8220;celebrare il lavoro e rivendicare i diritti&#8221;. &#8220;Il <strong>Primo Maggio<\/strong> conserva la sua peculiarit\u00e0 un momento di unit\u00e0 e solidariet\u00e0 per continuare ad affermare l\u2019importanza del lavoro e dei diritti dei lavoratori e della loro sicurezza quotidiana in un mondo in continua evoluzione. Chiediamo lavoro sicuro e dignitoso e lo ribadiremo lasciando spazio alla musica di tanti giovani artisti con l\u2019obiettivo di creare un momento di cultura, arte e riflessione\u201d, \u00a0dicono i <strong>segretari generali di Cgil, Cisl e Uil di Latina, Giuseppe Massafra, Roberto Cecere e Luigi Garullo<\/strong> che saranno presenti stasera al teatro D&#8217;Annunzio di Latina (dalle 20) dove, visto il maltempo, si \u00e8 spostato il concerto celebrativo della giornata (l\u2019ingresso \u00e8 libero fino a esaurimento posti).<\/p>\n<p style=\"text-align: justify;\">\u201c<strong>La musica come veicolo di messaggi che spaziano dai diritti dei lavoratori allo sviluppo, dalla sicurezza nei luoghi di lavoro alla pace nel mondo, dal futuro dei giovani alla giustizia sociale,<\/strong> non si ferma davanti a nulla. E non si fermer\u00e0 neanche quest\u2019anno \u2013 dicono Luigi Massafra, Roberto Cecere e Luigi Garullo \u2013 Il format, gi\u00e0 ampiamente sperimentato, ha ricevuto centinaia di adesioni da tutta Italia. Giovani gruppi e solisti emergenti si esibiranno quindi sul palco del teatro cittadino D\u2019Annunzio celebrando cos\u00ec il Primo Maggio e rinnovando quell\u2019ideale che unisce la musica ai giovani e al loro futuro\u201d.<img loading=\"lazy\" decoding=\"async\" class=\"wp-image-351532 alignright\" src=\"https:\/\/www.radioluna.it\/news\/wp-content\/uploads\/2024\/05\/primo-maggio-2024.jpg\" alt=\"\" width=\"311\" height=\"389\" srcset=\"https:\/\/www.radioluna.it\/news\/wp-content\/uploads\/2024\/05\/primo-maggio-2024.jpg 1080w, https:\/\/www.radioluna.it\/news\/wp-content\/uploads\/2024\/05\/primo-maggio-2024-768x960.jpg 768w\" sizes=\"auto, (max-width: 311px) 100vw, 311px\" \/><\/p>\n<p style=\"text-align: justify;\">E soprattutto per i giovani, i nuovi contrattualizzati, lavoro significa <strong>precariato<\/strong> anche in provincia di Latina: \u201cBasti pensare a come il lavoro sta cambiando pelle \u2013 aggiungono i sindacalisti \u2013 e a quanto il precariato sta segnando negativamente la vita lavorativa di migliaia di giovani e meno giovani. La realt\u00e0 pontina dice che <strong>lo scorso anno soltanto il 7% per cento dei contratti attivati \u00e8 stato a tempo indeterminato, mentre nel 2022 rappresentavano il 16 per cento<\/strong>. Tornando ancora indietro nel tempo notiamo ancor di pi\u00f9 la deriva dell\u2019instabilit\u00e0 lavorativa: dal 2016 al 2022 il saldo tra rapporti stabili attivati e cessati ha fatto perdere alla nostra provincia quasi 25mila tempi indeterminati (24924). Numeri inequivocabili \u2013 proseguono Massafra, Cecere e Garullo \u2013 che si aggiungono a quelli che fotografano un altro aspetto del lavoro, la sicurezza. O meglio la mancata sicurezza nei luoghi di lavoro. Anche qui il panorama pontino \u00e8 fosco. Nel primo bimestre del 2024 sono stati 531 gli infortuni sul lavoro nella nostra provincia. Numero che, dopo Roma, colloca il nostro territorio al secondo posto per insicurezza&#8221;. Tre sono stati i morti sul lavoro in provincia di Latina in questi primi 4 mesi del 2024.<\/p>\n<p style=\"text-align: justify;\">\u201cL\u2019entusiasmo di tante ragazze e tanti ragazzi non sar\u00e0 spento dalle gocce di pioggia \u2013 concludono i sindacalisti &#8211; Anche questa \u00e8 una risposta a chi pensa che le giovani generazioni non sono sensibili ai temi del lavoro, dei diritti, della sicurezza e della pace\u201d. \u201cIl concerto \u00e8 un evento importante, perch\u00e9 la musica rappresenta uno straordinario strumento di condivisione che unisce le generazioni; i sindacati confederali vogliono mandare un forte messaggio ai giovani a favore della pace e dell\u2019integrazione. Vogliamo dare un segnale per vincere le trasformazioni delle grandi transizioni e anche la grande crisi demografica, per dare un futuro e una prospettiva a tante persone ormai disilluse dal punto di vista personale e professionale\u201d.<\/p>\n<p style=\"text-align: justify;\">\n","protected":false},"excerpt":{"rendered":"<p>LATINA &#8211; Lavoro, pace, giustizia sociale, legalit\u00e0 e basta morti sul lavoro. Sono i temi del Primo Maggio, la festa nata per\u00a0 &#8220;celebrare il lavoro e rivendicare i diritti&#8221;. &#8220;Il Primo Maggio conserva la sua peculiarit\u00e0 un momento di unit\u00e0 e solidariet\u00e0 per continuare ad affermare l\u2019importanza del lavoro e dei diritti dei lavoratori e [&hellip;]<\/p>\n","protected":false},"author":62,"featured_media":351532,"comment_status":"open","ping_status":"open","sticky":false,"template":"","format":"standard","meta":{"footnotes":""},"categories":[735,11],"tags":[],"class_list":["post-351531","post","type-post","status-publish","format-standard","has-post-thumbnail","hentry","category-attualita","category-economia"],"_links":{"self":[{"href":"https:\/\/www.radioluna.it\/news\/wp-json\/wp\/v2\/posts\/351531","targetHints":{"allow":["GET"]}}],"collection":[{"href":"https:\/\/www.radioluna.it\/news\/wp-json\/wp\/v2\/posts"}],"about":[{"href":"https:\/\/www.radioluna.it\/news\/wp-json\/wp\/v2\/types\/post"}],"author":[{"embeddable":true,"href":"https:\/\/www.radioluna.it\/news\/wp-json\/wp\/v2\/users\/62"}],"replies":[{"embeddable":true,"href":"https:\/\/www.radioluna.it\/news\/wp-json\/wp\/v2\/comments?post=351531"}],"version-history":[{"count":1,"href":"https:\/\/www.radioluna.it\/news\/wp-json\/wp\/v2\/posts\/351531\/revisions"}],"predecessor-version":[{"id":351534,"href":"https:\/\/www.radioluna.it\/news\/wp-json\/wp\/v2\/posts\/351531\/revisions\/351534"}],"wp:featuredmedia":[{"embeddable":true,"href":"https:\/\/www.radioluna.it\/news\/wp-json\/wp\/v2\/media\/351532"}],"wp:attachment":[{"href":"https:\/\/www.radioluna.it\/news\/wp-json\/wp\/v2\/media?parent=351531"}],"wp:term":[{"taxonomy":"category","embeddable":true,"href":"https:\/\/www.radioluna.it\/news\/wp-json\/wp\/v2\/categories?post=351531"},{"taxonomy":"post_tag","embeddable":true,"href":"https:\/\/www.radioluna.it\/news\/wp-json\/wp\/v2\/tags?post=351531"}],"curies":[{"name":"wp","href":"https:\/\/api.w.org\/{rel}","templated":true}]}}