{"id":351548,"date":"2024-05-01T10:40:49","date_gmt":"2024-05-01T08:40:49","guid":{"rendered":"https:\/\/www.radioluna.it\/news\/?p=351548"},"modified":"2024-05-02T12:11:07","modified_gmt":"2024-05-02T10:11:07","slug":"primo-maggio-valiani-ugl-servono-qualita-del-lavoro-e-sicurezza-nei-contesti-occupazionali","status":"publish","type":"post","link":"https:\/\/www.radioluna.it\/news\/2024\/05\/primo-maggio-valiani-ugl-servono-qualita-del-lavoro-e-sicurezza-nei-contesti-occupazionali\/","title":{"rendered":"Primo Maggio, Valiani (Ugl): &#8220;Servono qualit\u00e0 del lavoro e sicurezza nei contesti occupazionali&#8221;"},"content":{"rendered":"<div id=\"fb-root\"><\/div>\n<p style=\"text-align: justify;\"><strong>LATINA<\/strong> &#8211;\u00a0\u00a0\u201cAffermiamo con vigore la necessit\u00e0 di migliorare la qualit\u00e0 del lavoro e di garantire la sicurezza nei contesti occupazionali. \u00c8 fondamentale riflettere sulle sfide che le nostre citt\u00e0 e i sindaci, come avamposti dello Stato sui territori, devono affrontare insieme. La questione della sicurezza urbana, associata alla crisi sociale del lavoro e della disoccupazione, richiede un intervento deciso e coordinato delle istituzioni\u201d. Lo dice il Segretario Regionale UGL Lazio Armando Valiani, in occasione della Festa dei Lavoratori che si celebra il Primo Maggio.<\/p>\n<p style=\"text-align: justify;\">\u201cI dati recenti \u2013 spiega Valiani \u2013 indicano che nei primi mesi dell&#8217;anno si sono verificati 6.228 infortuni, di cui 11 mortali. Questi numeri sottolineano l&#8217;urgenza di adottare misure efficaci per garantire la sicurezza e la salute dei lavoratori in tutti i contesti lavorativi. In occasione della festa del Primo Maggio, riflettiamo non solo sulle conquiste del movimento operaio, ma anche sulle sfide attuali, legate proprio alla sicurezza e alla salute sui luoghi di lavoro. Sottolineiamo l&#8217;importanza di un impegno condiviso delle istituzioni e della societ\u00e0 nel promuovere un ambiente lavorativo sicuro, sano e dignitoso per tutti ma soprattutto per il miglioramento della qualit\u00e0 della vita all&#8217;interno dei territori del Lazio\u201d.<\/p>\n<p style=\"text-align: justify;\">Occorre uno sforzo comune anche per assicurare la sicurezza urbana, pi\u00f9 volte messa in discussione negli ultimi tempi: \u201cLa sparatoria di Sezze e altri casi simili che si sono verificati in Ciociaria recentemente \u2013\u00a0 continua Valiani \u2013 hanno sollevato preoccupazioni sulla sicurezza nel tessuto urbano. L&#8217;incidente di Sezze, per fortuna, non ha avuto esiti tragici irrimediabili, ma sottolinea l&#8217;importanza di un intervento urgente e deciso. In questo contesto, come sindacato, abbiamo richiesto un incontro urgente con l&#8217;assessore regionale Reggimenti e stiamo chiedendo un confronto con i vari Prefetti. \u00c8 essenziale che le istituzioni sostengano i sindaci, affinch\u00e9 possano gestire situazioni complesse con le risorse necessarie\u201d.<\/p>\n<p style=\"text-align: justify;\">\n","protected":false},"excerpt":{"rendered":"<p>LATINA &#8211;\u00a0\u00a0\u201cAffermiamo con vigore la necessit\u00e0 di migliorare la qualit\u00e0 del lavoro e di garantire la sicurezza nei contesti occupazionali. \u00c8 fondamentale riflettere sulle sfide che le nostre citt\u00e0 e i sindaci, come avamposti dello Stato sui territori, devono affrontare insieme. La questione della sicurezza urbana, associata alla crisi sociale del lavoro e della disoccupazione, [&hellip;]<\/p>\n","protected":false},"author":60,"featured_media":351549,"comment_status":"open","ping_status":"open","sticky":false,"template":"","format":"standard","meta":{"footnotes":""},"categories":[11],"tags":[],"class_list":["post-351548","post","type-post","status-publish","format-standard","has-post-thumbnail","hentry","category-economia"],"_links":{"self":[{"href":"https:\/\/www.radioluna.it\/news\/wp-json\/wp\/v2\/posts\/351548","targetHints":{"allow":["GET"]}}],"collection":[{"href":"https:\/\/www.radioluna.it\/news\/wp-json\/wp\/v2\/posts"}],"about":[{"href":"https:\/\/www.radioluna.it\/news\/wp-json\/wp\/v2\/types\/post"}],"author":[{"embeddable":true,"href":"https:\/\/www.radioluna.it\/news\/wp-json\/wp\/v2\/users\/60"}],"replies":[{"embeddable":true,"href":"https:\/\/www.radioluna.it\/news\/wp-json\/wp\/v2\/comments?post=351548"}],"version-history":[{"count":1,"href":"https:\/\/www.radioluna.it\/news\/wp-json\/wp\/v2\/posts\/351548\/revisions"}],"predecessor-version":[{"id":351550,"href":"https:\/\/www.radioluna.it\/news\/wp-json\/wp\/v2\/posts\/351548\/revisions\/351550"}],"wp:featuredmedia":[{"embeddable":true,"href":"https:\/\/www.radioluna.it\/news\/wp-json\/wp\/v2\/media\/351549"}],"wp:attachment":[{"href":"https:\/\/www.radioluna.it\/news\/wp-json\/wp\/v2\/media?parent=351548"}],"wp:term":[{"taxonomy":"category","embeddable":true,"href":"https:\/\/www.radioluna.it\/news\/wp-json\/wp\/v2\/categories?post=351548"},{"taxonomy":"post_tag","embeddable":true,"href":"https:\/\/www.radioluna.it\/news\/wp-json\/wp\/v2\/tags?post=351548"}],"curies":[{"name":"wp","href":"https:\/\/api.w.org\/{rel}","templated":true}]}}