{"id":351558,"date":"2024-05-01T11:50:44","date_gmt":"2024-05-01T09:50:44","guid":{"rendered":"https:\/\/www.radioluna.it\/news\/?p=351558"},"modified":"2024-05-01T11:50:44","modified_gmt":"2024-05-01T09:50:44","slug":"primo-maggio-schiboni-lavoro-nero-e-sfruttamento-piaghe-che-minano-la-forza-della-nostra-regione","status":"publish","type":"post","link":"https:\/\/www.radioluna.it\/news\/2024\/05\/primo-maggio-schiboni-lavoro-nero-e-sfruttamento-piaghe-che-minano-la-forza-della-nostra-regione\/","title":{"rendered":"Primo maggio, Schiboni: &#8220;Lavoro nero e sfruttamento piaghe che minano la forza della nostra regione&#8221;"},"content":{"rendered":"<div id=\"fb-root\"><\/div>\n<p style=\"text-align: justify;\">\u00abSi celebra oggi la Festa dei lavoratori. Una giornata importante che ribadisce con forza l\u2019esigenza di intervenire ogni giorno di pi\u00f9 con attente politiche per contrastare il precariato, la disoccupazione, i licenziamenti. E, soprattutto, riportare nel lavoro la sicurezza senza la quale non possono esistere dignit\u00e0 e sviluppo per il personale e per le imprese stesse. Non possiamo parlare di festa finch\u00e9 anche una sola persona perder\u00e0 la vita nell\u2019esercizio della propria professione. \u00c8 questo il principio cardine e il un monito, che ogni giorno ricordo a me stesso con il fermo obiettivo di cambiare le cose, di far prevalere sul principio dell\u2019evasione e dello svago, comunque legittimo, quello dell\u2019impegno e della riflessione politica. Il diritto al lavoro, come quello alla salute, non possono essere solo slogan\u00bb. Lo afferma l\u2019assessore al Lavoro, alla Scuola, alla Formazione, alla Ricerca e al Merito della Regione Lazio, Giuseppe Schiboni<\/p>\n<p style=\"text-align: justify;\">\u00abDevono essere radicati in azioni e interventi concreti che, come Regione Lazio, stiamo mettendo in campo per l\u2019incolumit\u00e0 dei lavoratori, per combattere il lavoro nero e lo sfruttamento che purtroppo sono ancora piaghe che minano dall\u2019interno la vera forza del nostro Paese e della nostra regione. La giornata di oggi deve essere quindi lo spunto a fare di pi\u00f9 e meglio ogni giorno affinch\u00e9 il lavoro sia il luogo della realizzazione e della valorizzazione dei talenti. Questo per me \u00e8 la Festa del Primo Maggio, nella speranza che in un domani molto vicino, festeggeremo il rispetto dei diritti, e non saremo costretti ad interrogarci sulle ragioni per cui vengono calpestati\u201d, conclude l\u2019assessore Schiboni.<\/p>\n<p style=\"text-align: justify;\">\n","protected":false},"excerpt":{"rendered":"<p>\u00abSi celebra oggi la Festa dei lavoratori. Una giornata importante che ribadisce con forza l\u2019esigenza di intervenire ogni giorno di pi\u00f9 con attente politiche per contrastare il precariato, la disoccupazione, i licenziamenti. E, soprattutto, riportare nel lavoro la sicurezza senza la quale non possono esistere dignit\u00e0 e sviluppo per il personale e per le imprese [&hellip;]<\/p>\n","protected":false},"author":60,"featured_media":333890,"comment_status":"open","ping_status":"open","sticky":false,"template":"","format":"standard","meta":{"footnotes":""},"categories":[8],"tags":[],"class_list":["post-351558","post","type-post","status-publish","format-standard","has-post-thumbnail","hentry","category-politica"],"_links":{"self":[{"href":"https:\/\/www.radioluna.it\/news\/wp-json\/wp\/v2\/posts\/351558","targetHints":{"allow":["GET"]}}],"collection":[{"href":"https:\/\/www.radioluna.it\/news\/wp-json\/wp\/v2\/posts"}],"about":[{"href":"https:\/\/www.radioluna.it\/news\/wp-json\/wp\/v2\/types\/post"}],"author":[{"embeddable":true,"href":"https:\/\/www.radioluna.it\/news\/wp-json\/wp\/v2\/users\/60"}],"replies":[{"embeddable":true,"href":"https:\/\/www.radioluna.it\/news\/wp-json\/wp\/v2\/comments?post=351558"}],"version-history":[{"count":1,"href":"https:\/\/www.radioluna.it\/news\/wp-json\/wp\/v2\/posts\/351558\/revisions"}],"predecessor-version":[{"id":351559,"href":"https:\/\/www.radioluna.it\/news\/wp-json\/wp\/v2\/posts\/351558\/revisions\/351559"}],"wp:featuredmedia":[{"embeddable":true,"href":"https:\/\/www.radioluna.it\/news\/wp-json\/wp\/v2\/media\/333890"}],"wp:attachment":[{"href":"https:\/\/www.radioluna.it\/news\/wp-json\/wp\/v2\/media?parent=351558"}],"wp:term":[{"taxonomy":"category","embeddable":true,"href":"https:\/\/www.radioluna.it\/news\/wp-json\/wp\/v2\/categories?post=351558"},{"taxonomy":"post_tag","embeddable":true,"href":"https:\/\/www.radioluna.it\/news\/wp-json\/wp\/v2\/tags?post=351558"}],"curies":[{"name":"wp","href":"https:\/\/api.w.org\/{rel}","templated":true}]}}