{"id":351601,"date":"2024-05-02T12:25:45","date_gmt":"2024-05-02T10:25:45","guid":{"rendered":"https:\/\/www.radioluna.it\/news\/?p=351601"},"modified":"2024-05-04T08:26:44","modified_gmt":"2024-05-04T06:26:44","slug":"incontri-con-la-chitarra-arriva-jeremy-jouve","status":"publish","type":"post","link":"https:\/\/www.radioluna.it\/news\/2024\/05\/incontri-con-la-chitarra-arriva-jeremy-jouve\/","title":{"rendered":"\u201cIncontri con la chitarra\u201d, arriva J\u00e9r\u00e9my Jouve"},"content":{"rendered":"<div id=\"fb-root\"><\/div>\n<p style=\"text-align: justify;\"><strong>LATINA<\/strong> &#8211; Dopo il successo del concerto di apertura con il duo di musica italo-flamenca composto da Daniele Bonaviri e Monica De Luca, torna domani, venerd\u00ec 3 maggio,\u00a0 \u201cIncontri con la chitarra\u201d, una serie di concerti che anticipa il tradizionale appuntamento con la storica rassegna Caroso Festival in programma ad agosto. Sul palco dell\u2019Ateneo delle Arti, in via Don Torello a Latina, dalle ore 19 salir\u00e0 il super ospite di questa edizione:\u00a0\u00a0J\u00e9r\u00e9my Jouve. Proporr\u00e0 opere di Johann Sebastian Bach, Franz Schubert, Joaquin Rodrigo e Mathias Duplessy.<\/p>\n<p style=\"text-align: justify;\">Jouve \u00e8 un chitarrista classico francese, tra i pi\u00f9 noti a livello mondiale. E\u2019 stato uno dei sei francesi a vincere il concorso internazionale Guitar Foundation of America in occasione proprio della presenza come giudice di Stefano Raponi (organizzatore di Incontri con la chitarra). Jouve ha iniziato a suonare la chitarra all&#8217;et\u00e0 di 7 anni. Studente della Scuola Nazionale di Musica di Chamb\u00e9ry, ha frequentato le lezioni di Daniel Herbelot, mostrando fin da subito un forte talento tanto che all&#8217;et\u00e0 di 10 anni ha interpretato un concerto di Vivaldi come solista con l&#8217;Orchestra di Chamb\u00e9ry. Dal suo primo album da solista nel 2004, ha registrato poi altri cinque album, due dei quali sono dedicati al lavoro di chitarra solista del compositore Joaqu\u00edn Rodrigo.<\/p>\n<p style=\"text-align: justify;\">La rassegna si chiuder\u00e0 sabato 11 maggio con il giovane talento \u201cnostrano\u201d Nicola Galeotti, nato a Sezze classe 1996.\u00a0 Il Caroso Festival &#8211; Incontri con la chitarra \u00e8 come sempre ideato e diretto dal maestro Stefano Raponi. Il costo del biglietto per assistere a J\u00e9r\u00e9my Jouve \u00e8 di 15 euro,\u00a0 7 euro per Nicola Galeotti. Data la limitazione dei posti disponibili si consiglia la prenotazione per tempo inviando una email a info@carosofestival.it o un messaggio whatsapp al numero 3282729468.<\/p>\n<div class=\"radio-posizionamento-telefono-in-articoli-dopo-il-contenuto-articolo radio-entity-placement\" id=\"radio-3266912450\"><div id=\"radio-3216763679\" style=\"width: 300px;height: 250px;\"><a href=\"https:\/\/www.icarspa.it\/auto\/usate\/latina\/\" aria-label=\"banner aprile icar new life &#8211; auto usate latina\"><img loading=\"lazy\" decoding=\"async\" src=\"https:\/\/www.radioluna.it\/news\/wp-content\/uploads\/2026\/02\/banner-aprile-icar-new-life-auto-usate-latina.gif\" alt=\"\"  width=\"300\" height=\"250\"   \/><\/a><\/div><\/div>","protected":false},"excerpt":{"rendered":"<p>LATINA &#8211; Dopo il successo del concerto di apertura con il duo di musica italo-flamenca composto da Daniele Bonaviri e Monica De Luca, torna domani, venerd\u00ec 3 maggio,\u00a0 \u201cIncontri con la chitarra\u201d, una serie di concerti che anticipa il tradizionale appuntamento con la storica rassegna Caroso Festival in programma ad agosto. Sul palco dell\u2019Ateneo delle [&hellip;]<\/p>\n","protected":false},"author":60,"featured_media":351602,"comment_status":"open","ping_status":"open","sticky":false,"template":"","format":"standard","meta":{"footnotes":""},"categories":[16],"tags":[],"class_list":["post-351601","post","type-post","status-publish","format-standard","has-post-thumbnail","hentry","category-appuntamenti"],"_links":{"self":[{"href":"https:\/\/www.radioluna.it\/news\/wp-json\/wp\/v2\/posts\/351601","targetHints":{"allow":["GET"]}}],"collection":[{"href":"https:\/\/www.radioluna.it\/news\/wp-json\/wp\/v2\/posts"}],"about":[{"href":"https:\/\/www.radioluna.it\/news\/wp-json\/wp\/v2\/types\/post"}],"author":[{"embeddable":true,"href":"https:\/\/www.radioluna.it\/news\/wp-json\/wp\/v2\/users\/60"}],"replies":[{"embeddable":true,"href":"https:\/\/www.radioluna.it\/news\/wp-json\/wp\/v2\/comments?post=351601"}],"version-history":[{"count":1,"href":"https:\/\/www.radioluna.it\/news\/wp-json\/wp\/v2\/posts\/351601\/revisions"}],"predecessor-version":[{"id":351603,"href":"https:\/\/www.radioluna.it\/news\/wp-json\/wp\/v2\/posts\/351601\/revisions\/351603"}],"wp:featuredmedia":[{"embeddable":true,"href":"https:\/\/www.radioluna.it\/news\/wp-json\/wp\/v2\/media\/351602"}],"wp:attachment":[{"href":"https:\/\/www.radioluna.it\/news\/wp-json\/wp\/v2\/media?parent=351601"}],"wp:term":[{"taxonomy":"category","embeddable":true,"href":"https:\/\/www.radioluna.it\/news\/wp-json\/wp\/v2\/categories?post=351601"},{"taxonomy":"post_tag","embeddable":true,"href":"https:\/\/www.radioluna.it\/news\/wp-json\/wp\/v2\/tags?post=351601"}],"curies":[{"name":"wp","href":"https:\/\/api.w.org\/{rel}","templated":true}]}}