{"id":351656,"date":"2024-05-03T08:12:48","date_gmt":"2024-05-03T06:12:48","guid":{"rendered":"https:\/\/www.radioluna.it\/news\/?p=351656"},"modified":"2024-05-03T08:12:48","modified_gmt":"2024-05-03T06:12:48","slug":"latina-piscina-scoperta-ciolfi-ritardi-e-possibili-iniquita-su-uso-spazi-acqua","status":"publish","type":"post","link":"https:\/\/www.radioluna.it\/news\/2024\/05\/latina-piscina-scoperta-ciolfi-ritardi-e-possibili-iniquita-su-uso-spazi-acqua\/","title":{"rendered":"Piscina scoperta, Ciolfi : &#8220;Ritardi e possibili iniquit\u00e0 su uso spazi acqua&#8221;"},"content":{"rendered":"<div id=\"fb-root\"><\/div>\n<p style=\"text-align: justify;\"><strong>LATINA<\/strong> &#8211; \u00abAd oggi non esistono tempi certi n\u00e9 definiti per la riapertura della piscina scoperta. Ma ci\u00f2 che di grave \u00e8 emerso questa mattina in commissione sono le possibili modalit\u00e0 inique con cui sarebbero stati fruiti finora gli spazi acqua. Un problema che va trattato al pi\u00f9 presto nelle sedi opportune, insieme al tema della gestione dell\u2019impianto natatorio che sollevo da mesi, con una richiesta di commissione Patrimonio-Bilancio dello scorso ottobre, rimasta a tutt\u2019oggi inevasa, nonostante un\u2019interrogazione discussa lo scorso ottobre\u00bb. Cos\u00ec la capogruppo del M5S, Maria Grazia Ciolfi, dopo la commissione Personale, Cultura, Sport sulla piscina comunale, richiesta in prima istanza dal M5S e poi, a firma congiunta, da tutte le forze di opposizione.<br \/>\n\u00abOltre al ritardo citato, abbiamo appreso dall\u2019architetto Fabio Scalzi e dagli uffici \u2013 spiega Ciolfi \u2013 che per problemi tecnici verr\u00e0 installata una struttura pressostatica e non tensostatica. Una variazione al ribasso che si aggiunge ai tempi incerti, dovuta alla proposta del gestore di realizzare nuovi spogliatoi per i quali si \u00e8 in attesa dei pareri degli enti coinvolti. Solo dopo, potr\u00e0 essere approvata in giunta. Quando non \u00e8 dato saperlo\u00bb.<br \/>\nIl tema sollevato e ritenuto ancora pi\u00f9 urgente riguarda la gestione degli spazi acqua: \u00abUn tema posto all\u2019attenzione dalle istanze ricevute da varie associazioni sportive che, da fine 2021, sono costrette ad allenarsi presso impianti di comuni limitrofi costringendo gli atleti ad una vera transumanza. Per non parlare della Centro Nuoto Latina, costretta ad allenarsi fuori citt\u00e0, e della Latina Pallanuoto, oggi Anzio Waterpolis, che ha dovuto abbandonare il capoluogo portando altrove il prestigio del serie A2\u00bb.<br \/>\n\u00abIl contratto vigente prevede l\u2019assegnazione degli spazi acqua alle societ\u00e0 che ne fanno richiesta secondo modalit\u00e0 concordate con il Comune, ma queste modalit\u00e0 \u2013 sottolinea Ciolfi \u2013 non sono mai<br \/>\nstate definite, come pure le tariffe. Tema che avevo gi\u00e0 sollevato nell&#8217;interrogazione e confermato oggi in commissione dal presidente dell\u2019Antares Nuoto. Il quale, inoltre, ha denunciato altre situazioni di rilievo: \u201cla piscina open, dopo la separazione delle utenze, \u00e8 stata chiusa\u201d; \u201cl\u2019accesso agli spazi acqua \u00e8 stato negato all\u2019Antares e ad altre realt\u00e0, ma non alle societ\u00e0 sportive agonistiche<br \/>\nche fanno capo al gestore, che \u00e8 anch\u2019esso affiliato FiN e quindi anche un competitor. Le sue societ\u00e0 hanno continuato a fruire della vasca\u201d. Non solo: il presidente ha riferito che \u201c\u00e8 stato il concessionario, e non il Comune, ad applicare le tariffe per la fruizione e ad applicarle maggiorate rispetto alle tariffe di comuni limitrofi, arrivando a chiedere fino a 250 euro in caso di competizioni quando il contratto prevede la gratuit\u00e0\u201d\u00bb.<br \/>\n\u00abLe situazioni denunciate dalla societ\u00e0 necessitano di una verifica urgente perch\u00e9 l\u2019impianto \u00e8 pubblico e non pu\u00f2 essere utilizzato in maniera iniqua\u00bb tuona Ciolfi. \u00abTutte le societ\u00e0 sportive di Latina, incluse quelle di nuoto sincronizzato, hanno diritto a fruirne. \u00c8 necessario che il nuovo PEF tenga conto di anomalie gestionali, laddove presenti, oltre che dei vantaggi e dell\u2019incremento di<br \/>\nvalore del bene che deriveranno dai lavori di manutenzione ed efficientamento energetico realizzati con i fondi del PNRR; a questi lavori, infatti, \u00e8 associato un abbattimento dei costi per il concessionario, garantito anche dalla realizzazione di un pozzo per il reperimento dell\u2019acqua, autorizzato dal Comune, e dovr\u00e0 essere considerato nella rimodulazione del Piano Economico Finanziario come fonte di riduzione delle spese\u00bb.<\/p>\n<p style=\"text-align: justify;\">\u00abRestiamo in attesa di una commissione congiunta Sport e Patrimonio urgente, per una verifica di quanto emerso oggi, intervenendo anche presso il Direttore Generale per un coordinamento degli uffici su un tema cos\u00ec complesso, gravato peraltro da un lungo contenzioso che ha visto la vittoria del Comune con una sentenza che annulla il contratto in una sua parte, sentenza peraltro appellata dal concessionario\u00bb<\/p>\n","protected":false},"excerpt":{"rendered":"<p>LATINA &#8211; \u00abAd oggi non esistono tempi certi n\u00e9 definiti per la riapertura della piscina scoperta. Ma ci\u00f2 che di grave \u00e8 emerso questa mattina in commissione sono le possibili modalit\u00e0 inique con cui sarebbero stati fruiti finora gli spazi acqua. Un problema che va trattato al pi\u00f9 presto nelle sedi opportune, insieme al tema [&hellip;]<\/p>\n","protected":false},"author":60,"featured_media":351658,"comment_status":"open","ping_status":"open","sticky":false,"template":"","format":"standard","meta":{"footnotes":""},"categories":[8],"tags":[],"class_list":["post-351656","post","type-post","status-publish","format-standard","has-post-thumbnail","hentry","category-politica"],"_links":{"self":[{"href":"https:\/\/www.radioluna.it\/news\/wp-json\/wp\/v2\/posts\/351656","targetHints":{"allow":["GET"]}}],"collection":[{"href":"https:\/\/www.radioluna.it\/news\/wp-json\/wp\/v2\/posts"}],"about":[{"href":"https:\/\/www.radioluna.it\/news\/wp-json\/wp\/v2\/types\/post"}],"author":[{"embeddable":true,"href":"https:\/\/www.radioluna.it\/news\/wp-json\/wp\/v2\/users\/60"}],"replies":[{"embeddable":true,"href":"https:\/\/www.radioluna.it\/news\/wp-json\/wp\/v2\/comments?post=351656"}],"version-history":[{"count":1,"href":"https:\/\/www.radioluna.it\/news\/wp-json\/wp\/v2\/posts\/351656\/revisions"}],"predecessor-version":[{"id":351659,"href":"https:\/\/www.radioluna.it\/news\/wp-json\/wp\/v2\/posts\/351656\/revisions\/351659"}],"wp:featuredmedia":[{"embeddable":true,"href":"https:\/\/www.radioluna.it\/news\/wp-json\/wp\/v2\/media\/351658"}],"wp:attachment":[{"href":"https:\/\/www.radioluna.it\/news\/wp-json\/wp\/v2\/media?parent=351656"}],"wp:term":[{"taxonomy":"category","embeddable":true,"href":"https:\/\/www.radioluna.it\/news\/wp-json\/wp\/v2\/categories?post=351656"},{"taxonomy":"post_tag","embeddable":true,"href":"https:\/\/www.radioluna.it\/news\/wp-json\/wp\/v2\/tags?post=351656"}],"curies":[{"name":"wp","href":"https:\/\/api.w.org\/{rel}","templated":true}]}}