{"id":351704,"date":"2024-05-03T15:29:37","date_gmt":"2024-05-03T13:29:37","guid":{"rendered":"https:\/\/www.radioluna.it\/news\/?p=351704"},"modified":"2024-05-03T15:42:36","modified_gmt":"2024-05-03T13:42:36","slug":"sicurezza-urbana-e-videosorveglianza-a-latina-la-consigliera-pd-fiore-interroga-la-sindaca","status":"publish","type":"post","link":"https:\/\/www.radioluna.it\/news\/2024\/05\/sicurezza-urbana-e-videosorveglianza-a-latina-la-consigliera-pd-fiore-interroga-la-sindaca\/","title":{"rendered":"Sicurezza urbana e videosorveglianza a Latina, la consigliera Pd Fiore interroga la Sindaca"},"content":{"rendered":"<div id=\"fb-root\"><\/div>\n<p><strong>LATINA &#8211;<\/strong> La consigliera comunale del Partito Democratico, Daniela Fiore, ha presentato un\u2019interrogazione a risposta scritta alla Sindaca in tema di sicurezza urbana, alla luce degli ultimi crescenti episodi di aggressione ai danni di adolescenti, avvenuti nel centro di Latina.<\/p>\n<p>\u00abCon grande preoccupazione \u2013 afferma Fiore &#8211; osservo l&#8217;escalation delle violenze tra giovani nel centro cittadino, in particolare durante il weekend. La recente serie di aggressioni, culminata il primo maggio scorso nel pestaggio di un 14enne da parte di coetanei, \u00e8 un segnale allarmante\u00bb.<\/p>\n<p>\u00abPartendo dal presupposto che la sicurezza \u00e8 un bene primario e necessario per la comunit\u00e0, ho ritenuto doveroso \u2013 spiega la consigliera \u2013 interrogare la Prima Cittadina per sapere quali azioni concrete l&#8217;amministrazione ha gi\u00e0 intrapreso o intende intraprendere per garantire una presenza efficace della Polizia Municipale o di altre forze dell&#8217;ordine\u00bb.<\/p>\n<p>\u00ab\u00c8 importante agire subito di fronte a una situazione di emergenza che sta destando allarme diffuso tra i residenti: molti genitori si trovano in difficolt\u00e0 nel denunciare tali episodi per mancanza di prove concrete; i ragazzi, infatti, non sono in grado di identificare i propri aggressori\u00bb.<\/p>\n<p>Fiore chiede un intervento immediato della Sindaca Celentano presso le autorit\u00e0 di Polizia. Intensificare la presenza di agenti nelle zone pi\u00f9 a rischio del centro e nelle ore pi\u00f9 critiche, soprattutto nei weekend; potenziare il sistema di videosorveglianza per la consigliera dem \u00ab\u00e8 importante non solo come deterrente, ma anche come strumento essenziale per la raccolta di prove utili alle indagini\u00bb. In tal senso Fiore chiede conto alla Sindaca del numero e dell\u2019ubicazione delle telecamere attualmente installate e funzionanti nell\u2019area tra l&#8217;incrocio di viale XXI Aprile e piazza del Popolo, per il tratto che comprende piazza San Marco e corso della Repubblica.<\/p>\n<p>\u00abDurante i weekend, inoltre, sarebbe opportuno predisporre una pattuglia fissa della polizia municipale proprio in piazza San Marco, non solo per scoraggiare comportamenti violenti, ma anche per rassicurare i residenti del centro storico. \u00c8 imperativo agire con determinazione e tempestivit\u00e0 \u2013 conclude &#8211; per contrastare la violenza e garantire un ambiente sicuro e accogliente per tutti i cittadini, in particolare per i nostri giovani\u00bb.<\/p>\n","protected":false},"excerpt":{"rendered":"<p>LATINA &#8211; La consigliera comunale del Partito Democratico, Daniela Fiore, ha presentato un\u2019interrogazione a risposta scritta alla Sindaca in tema di sicurezza urbana, alla luce degli ultimi crescenti episodi di aggressione ai danni di adolescenti, avvenuti nel centro di Latina. \u00abCon grande preoccupazione \u2013 afferma Fiore &#8211; osservo l&#8217;escalation delle violenze tra giovani nel centro [&hellip;]<\/p>\n","protected":false},"author":60,"featured_media":343537,"comment_status":"open","ping_status":"open","sticky":false,"template":"","format":"standard","meta":{"footnotes":""},"categories":[8],"tags":[],"class_list":["post-351704","post","type-post","status-publish","format-standard","has-post-thumbnail","hentry","category-politica"],"_links":{"self":[{"href":"https:\/\/www.radioluna.it\/news\/wp-json\/wp\/v2\/posts\/351704","targetHints":{"allow":["GET"]}}],"collection":[{"href":"https:\/\/www.radioluna.it\/news\/wp-json\/wp\/v2\/posts"}],"about":[{"href":"https:\/\/www.radioluna.it\/news\/wp-json\/wp\/v2\/types\/post"}],"author":[{"embeddable":true,"href":"https:\/\/www.radioluna.it\/news\/wp-json\/wp\/v2\/users\/60"}],"replies":[{"embeddable":true,"href":"https:\/\/www.radioluna.it\/news\/wp-json\/wp\/v2\/comments?post=351704"}],"version-history":[{"count":0,"href":"https:\/\/www.radioluna.it\/news\/wp-json\/wp\/v2\/posts\/351704\/revisions"}],"wp:featuredmedia":[{"embeddable":true,"href":"https:\/\/www.radioluna.it\/news\/wp-json\/wp\/v2\/media\/343537"}],"wp:attachment":[{"href":"https:\/\/www.radioluna.it\/news\/wp-json\/wp\/v2\/media?parent=351704"}],"wp:term":[{"taxonomy":"category","embeddable":true,"href":"https:\/\/www.radioluna.it\/news\/wp-json\/wp\/v2\/categories?post=351704"},{"taxonomy":"post_tag","embeddable":true,"href":"https:\/\/www.radioluna.it\/news\/wp-json\/wp\/v2\/tags?post=351704"}],"curies":[{"name":"wp","href":"https:\/\/api.w.org\/{rel}","templated":true}]}}