{"id":351990,"date":"2024-05-08T12:53:16","date_gmt":"2024-05-08T10:53:16","guid":{"rendered":"https:\/\/www.radioluna.it\/news\/?p=351990"},"modified":"2024-05-08T12:55:39","modified_gmt":"2024-05-08T10:55:39","slug":"assunzioni-in-sanita-la-sindaca-di-latina-celentano-avra-ricadute-estremamente-positive-sul-nostro-territorio","status":"publish","type":"post","link":"https:\/\/www.radioluna.it\/news\/2024\/05\/assunzioni-in-sanita-la-sindaca-di-latina-celentano-avra-ricadute-estremamente-positive-sul-nostro-territorio\/","title":{"rendered":"Assunzioni in sanit\u00e0, la sindaca di Latina Celentano: &#8220;Avr\u00e0 ricadute estremamente positive sul nostro territorio&#8221;"},"content":{"rendered":"<div id=\"fb-root\"><\/div>\n<p style=\"text-align: justify;\"><strong>LATINA<\/strong> &#8211;\u00a0\u201cIl piano delle assunzioni per la sanit\u00e0 annunciato ieri dal presidente della Regione Lazio Francesco Rocca \u00e8 un massiccio investimento in favore della salute dei cittadini, dopo anni di continui tagli. La sanit\u00e0 nel Lazio e nella nostra provincia si rimette finalmente in moto. Dopo l\u2019accordo siglato tra la Asl di Latina e il gruppo Giomi per una collaborazione in ambito cardiologico, che va nella direzione di una riduzione del sovraffollamento del pronto soccorso dell\u2019ospedale Goretti, ieri \u00e8 arrivata un\u2019altra buona notizia&#8221;. Lo dichiara la sindaca di Latina Matilde Celentano in\u00a0 una nota stampa.<\/p>\n<p style=\"text-align: justify;\">Il maxi piano assunzionale 2024-2025, annunciato dal presidente Rocca ai sindacati &#8211; prosegue &#8211;\u00a0 prevede con uno stanziamento di 466 milioni di euro ben 8.158 nuovi reclutamenti di operatori sanitari in tutta la regione che vanno ad aggiungersi alle 1.541 stabilizzazioni. Ammonta a 1.051 unit\u00e0 di professionisti della sanit\u00e0 la quota destinata alla Asl di Latina, tra nuove assunzioni e stabilizzazioni. Si tratta, senza ombra di dubbio, del pi\u00f9 grande piano d\u2019investimento degli ultimi anni nella regione Lazio, consentendo cos\u00ec di rendere operativi gli ospedali di comunit\u00e0, le case di comunit\u00e0 e le centrali operative territoriali finanziate con i fondi del Pnrr e che diversamente sarebbero state destinate a rimanere cattedrali nel deserto, considerando la penuria di personale sanitario.<\/p>\n<p style=\"text-align: justify;\">Il piano di Rocca, che avr\u00e0 ricadute estremamente positive sul nostro territorio dove \u00e8 gi\u00e0 in atto la riorganizzazione della rete ospedaliera con ampliamento dei posti letto, si integra nel programma nazionale dell\u2019attuale Governo di potenziamento della sanit\u00e0 pubblica attraverso una giusta e razionale gestione delle risorse finanziarie, per una sanit\u00e0 pi\u00f9 vicina alle esigenze di tutti i cittadini. La buona politica sanitaria, in questo momento, attraverso la filiera di Governo, inizia a farsi strada nell\u2019intero territorio regionale e nella nostra provincia, con interventi mirati, nell\u2019ottica di servizi pi\u00f9 efficienti, con nuove apparecchiature, nuove strutture, nuove collaborazioni pubblico-privato e nuove assunzioni\u201d.<\/p>\n<p style=\"text-align: justify;\">\n","protected":false},"excerpt":{"rendered":"<p>LATINA &#8211;\u00a0\u201cIl piano delle assunzioni per la sanit\u00e0 annunciato ieri dal presidente della Regione Lazio Francesco Rocca \u00e8 un massiccio investimento in favore della salute dei cittadini, dopo anni di continui tagli. La sanit\u00e0 nel Lazio e nella nostra provincia si rimette finalmente in moto. Dopo l\u2019accordo siglato tra la Asl di Latina e il [&hellip;]<\/p>\n","protected":false},"author":60,"featured_media":351993,"comment_status":"open","ping_status":"open","sticky":false,"template":"","format":"standard","meta":{"footnotes":""},"categories":[8],"tags":[],"class_list":["post-351990","post","type-post","status-publish","format-standard","has-post-thumbnail","hentry","category-politica"],"_links":{"self":[{"href":"https:\/\/www.radioluna.it\/news\/wp-json\/wp\/v2\/posts\/351990","targetHints":{"allow":["GET"]}}],"collection":[{"href":"https:\/\/www.radioluna.it\/news\/wp-json\/wp\/v2\/posts"}],"about":[{"href":"https:\/\/www.radioluna.it\/news\/wp-json\/wp\/v2\/types\/post"}],"author":[{"embeddable":true,"href":"https:\/\/www.radioluna.it\/news\/wp-json\/wp\/v2\/users\/60"}],"replies":[{"embeddable":true,"href":"https:\/\/www.radioluna.it\/news\/wp-json\/wp\/v2\/comments?post=351990"}],"version-history":[{"count":1,"href":"https:\/\/www.radioluna.it\/news\/wp-json\/wp\/v2\/posts\/351990\/revisions"}],"predecessor-version":[{"id":351992,"href":"https:\/\/www.radioluna.it\/news\/wp-json\/wp\/v2\/posts\/351990\/revisions\/351992"}],"wp:featuredmedia":[{"embeddable":true,"href":"https:\/\/www.radioluna.it\/news\/wp-json\/wp\/v2\/media\/351993"}],"wp:attachment":[{"href":"https:\/\/www.radioluna.it\/news\/wp-json\/wp\/v2\/media?parent=351990"}],"wp:term":[{"taxonomy":"category","embeddable":true,"href":"https:\/\/www.radioluna.it\/news\/wp-json\/wp\/v2\/categories?post=351990"},{"taxonomy":"post_tag","embeddable":true,"href":"https:\/\/www.radioluna.it\/news\/wp-json\/wp\/v2\/tags?post=351990"}],"curies":[{"name":"wp","href":"https:\/\/api.w.org\/{rel}","templated":true}]}}