{"id":352012,"date":"2024-05-08T16:55:15","date_gmt":"2024-05-08T14:55:15","guid":{"rendered":"https:\/\/www.radioluna.it\/news\/?p=352012"},"modified":"2024-05-08T16:55:15","modified_gmt":"2024-05-08T14:55:15","slug":"parte-a-sezze-il-maggio-dei-libri","status":"publish","type":"post","link":"https:\/\/www.radioluna.it\/news\/2024\/05\/parte-a-sezze-il-maggio-dei-libri\/","title":{"rendered":"Parte a Sezze il Maggio dei libri"},"content":{"rendered":"<div id=\"fb-root\"><\/div>\n<p style=\"text-align: justify;\"><strong>SEZZE &#8211;<\/strong> &#8220;Entrano nel vivo, con gli eventi collegati a Il Maggio dei Libri, le iniziative culturali che sta mettendo in campo il Comune di Sezze e che hanno preso il via con \u201cDisequilibri\u201d, l\u2019evento organizzato dal Comune e dell\u2019associazione Matutateatro con il patrocinio della Regione Lazio, che prevede inviti alla lettura, incontri con gli autori e il bibliocaravan, che ha ottenuto i primi importanti successi nella prima tappa di sabato scorso alla scuola dell\u2019Infanzia di via Colli e che sar\u00e0 ripetuto anche nei prossimi fine settimana in altre localit\u00e0 del territorio. Il Maggio dei Libri rappresenta un&#8217;importante iniziativa per promuovere la cultura e l&#8217;educazione attraverso la lettura e la condivisione di libri. Secondo l&#8217;Assessore alla Cultura Michela Capuccilli, questo festival non \u00e8 solo un momento di svago, ma un&#8217;opportunit\u00e0 per arricchire la vita della citt\u00e0. &#8220;Il Maggio dei Libri a Sezze funge da ponte tra autori, lettori e comunit\u00e0. \u00c8 un&#8217;occasione per avvicinare le persone alla letteratura e stimolare il dibattito culturale. L&#8217;evento \u00e8 concepito per coinvolgere persone di tutte le et\u00e0 e promuovere la lettura come pratica essenziale per lo sviluppo individuale e collettivo. Si tratta \u2013 afferma Capuccilli \u2013 di un evento inclusivo e aggregativo che accoglie ogni membro della nostra comunit\u00e0. Vogliamo incoraggiare la lettura e rendere i libri accessibili a tutti, specialmente ai giovani\u201d. Quattro gli eventi programmati, che si svolgeranno all\u2019interno degli spazi del Museo Archeologico di Sezze, mentre due eventi sono stati inseriti all\u2019interno del cartellone della kermesse organizzata dalla Compagnia dei Lepini. Novit\u00e0 di quest\u2019anno, infine, anche il sostegno dell\u2019ente alla XII edizione del premio letterario nazionale \u201cSan Giorgio e il Drago, il Libro e la Rosa\u201d, organizzato dalla parrocchia SS. Sebastiano e Rocco, che si svolger\u00e0 il 25 maggio presso il cineteatro \u201cEvado\u201d. Attraverso incontri con autori, laboratori creativi e performance, il Maggio dei Libri offre un&#8217;esperienza interattiva che ispira la creativit\u00e0 e la curiosit\u00e0 intellettuale: &#8220;Vogliamo catalizzare nuove idee e sostenere l&#8217;espressione artistica nella nostra citt\u00e0. Il Maggio dei Libri \u00e8 un momento di crescita culturale per tutti noi es iamo sicuri che avr\u00e0 una folta partecipazione,&#8221; ha concluso l\u2019assessore alla Cultura Michela Capuccilli.&#8221;<\/p>\n<div class=\"radio-posizionamento-telefono-in-articoli-dopo-il-contenuto-articolo radio-entity-placement\" id=\"radio-295186839\"><div id=\"radio-2932964218\" style=\"width: 300px;height: 250px;\"><a href=\"https:\/\/www.icarspa.it\/auto\/usate\/latina\/\" aria-label=\"banner aprile icar new life &#8211; auto usate latina\"><img loading=\"lazy\" decoding=\"async\" src=\"https:\/\/www.radioluna.it\/news\/wp-content\/uploads\/2026\/02\/banner-aprile-icar-new-life-auto-usate-latina.gif\" alt=\"\"  width=\"300\" height=\"250\"   \/><\/a><\/div><\/div>","protected":false},"excerpt":{"rendered":"<p>SEZZE &#8211; &#8220;Entrano nel vivo, con gli eventi collegati a Il Maggio dei Libri, le iniziative culturali che sta mettendo in campo il Comune di Sezze e che hanno preso il via con \u201cDisequilibri\u201d, l\u2019evento organizzato dal Comune e dell\u2019associazione Matutateatro con il patrocinio della Regione Lazio, che prevede inviti alla lettura, incontri con gli [&hellip;]<\/p>\n","protected":false},"author":60,"featured_media":0,"comment_status":"open","ping_status":"open","sticky":false,"template":"","format":"standard","meta":{"footnotes":""},"categories":[16,734],"tags":[],"class_list":["post-352012","post","type-post","status-publish","format-standard","hentry","category-appuntamenti","category-evidenza"],"_links":{"self":[{"href":"https:\/\/www.radioluna.it\/news\/wp-json\/wp\/v2\/posts\/352012","targetHints":{"allow":["GET"]}}],"collection":[{"href":"https:\/\/www.radioluna.it\/news\/wp-json\/wp\/v2\/posts"}],"about":[{"href":"https:\/\/www.radioluna.it\/news\/wp-json\/wp\/v2\/types\/post"}],"author":[{"embeddable":true,"href":"https:\/\/www.radioluna.it\/news\/wp-json\/wp\/v2\/users\/60"}],"replies":[{"embeddable":true,"href":"https:\/\/www.radioluna.it\/news\/wp-json\/wp\/v2\/comments?post=352012"}],"version-history":[{"count":0,"href":"https:\/\/www.radioluna.it\/news\/wp-json\/wp\/v2\/posts\/352012\/revisions"}],"wp:attachment":[{"href":"https:\/\/www.radioluna.it\/news\/wp-json\/wp\/v2\/media?parent=352012"}],"wp:term":[{"taxonomy":"category","embeddable":true,"href":"https:\/\/www.radioluna.it\/news\/wp-json\/wp\/v2\/categories?post=352012"},{"taxonomy":"post_tag","embeddable":true,"href":"https:\/\/www.radioluna.it\/news\/wp-json\/wp\/v2\/tags?post=352012"}],"curies":[{"name":"wp","href":"https:\/\/api.w.org\/{rel}","templated":true}]}}