{"id":352058,"date":"2024-05-09T15:06:57","date_gmt":"2024-05-09T13:06:57","guid":{"rendered":"https:\/\/www.radioluna.it\/news\/?p=352058"},"modified":"2024-05-09T18:49:53","modified_gmt":"2024-05-09T16:49:53","slug":"europee-2024-la-delegazione-di-stati-uniti-deuropa-a-ventotene","status":"publish","type":"post","link":"https:\/\/www.radioluna.it\/news\/2024\/05\/europee-2024-la-delegazione-di-stati-uniti-deuropa-a-ventotene\/","title":{"rendered":"Giornata dell&#8217;Europa, Matteo Renzi a Ventotene con Stefanelli e Tidei"},"content":{"rendered":"<div id=\"fb-root\"><\/div>\n<p style=\"text-align: justify;\"><strong>VENTOTENE &#8211;\u00a0<\/strong>\u201cQuesta mattina, insieme a Matteo Renzi e Gerardo Stefanelli ci siamo recati a Ventotene per onorare la memoria di uno dei padri dell\u2019Unione Europea, Altiero Spinelli. Proprio oggi in cui si celebra la Festa dell\u2019Europa e, nella stessa giornata, la memoria per le vittime del terrorismo. Due ricorrenze che cadono nello stesso giorno e mi fanno riflettere sul senso pi\u00f9 profondo della parola unit\u00e0. La capacit\u00e0 che l\u2019Unione Europea pu\u00f2 e deve avere nell\u2019essere uno straordinario strumento di pace, di coesione, in grado di unire l\u00ec dove forze avverse cercano di dividere. E a questo sogno e a questo ideale che noi dobbiamo tendere, con coraggio e concretezza. Impegnandoci tutti i giorni nel difenderlo\u201d. Lo afferma in una nota la consigliera regionale e candidata alla Elezioni europee con Stati Uniti d\u2019Europa Marietta Tidei.<\/p>\n<p style=\"text-align: justify;\">\n","protected":false},"excerpt":{"rendered":"<p>VENTOTENE &#8211;\u00a0\u201cQuesta mattina, insieme a Matteo Renzi e Gerardo Stefanelli ci siamo recati a Ventotene per onorare la memoria di uno dei padri dell\u2019Unione Europea, Altiero Spinelli. Proprio oggi in cui si celebra la Festa dell\u2019Europa e, nella stessa giornata, la memoria per le vittime del terrorismo. Due ricorrenze che cadono nello stesso giorno e [&hellip;]<\/p>\n","protected":false},"author":60,"featured_media":352059,"comment_status":"open","ping_status":"open","sticky":false,"template":"","format":"standard","meta":{"footnotes":""},"categories":[8],"tags":[],"class_list":["post-352058","post","type-post","status-publish","format-standard","has-post-thumbnail","hentry","category-politica"],"_links":{"self":[{"href":"https:\/\/www.radioluna.it\/news\/wp-json\/wp\/v2\/posts\/352058","targetHints":{"allow":["GET"]}}],"collection":[{"href":"https:\/\/www.radioluna.it\/news\/wp-json\/wp\/v2\/posts"}],"about":[{"href":"https:\/\/www.radioluna.it\/news\/wp-json\/wp\/v2\/types\/post"}],"author":[{"embeddable":true,"href":"https:\/\/www.radioluna.it\/news\/wp-json\/wp\/v2\/users\/60"}],"replies":[{"embeddable":true,"href":"https:\/\/www.radioluna.it\/news\/wp-json\/wp\/v2\/comments?post=352058"}],"version-history":[{"count":3,"href":"https:\/\/www.radioluna.it\/news\/wp-json\/wp\/v2\/posts\/352058\/revisions"}],"predecessor-version":[{"id":352075,"href":"https:\/\/www.radioluna.it\/news\/wp-json\/wp\/v2\/posts\/352058\/revisions\/352075"}],"wp:featuredmedia":[{"embeddable":true,"href":"https:\/\/www.radioluna.it\/news\/wp-json\/wp\/v2\/media\/352059"}],"wp:attachment":[{"href":"https:\/\/www.radioluna.it\/news\/wp-json\/wp\/v2\/media?parent=352058"}],"wp:term":[{"taxonomy":"category","embeddable":true,"href":"https:\/\/www.radioluna.it\/news\/wp-json\/wp\/v2\/categories?post=352058"},{"taxonomy":"post_tag","embeddable":true,"href":"https:\/\/www.radioluna.it\/news\/wp-json\/wp\/v2\/tags?post=352058"}],"curies":[{"name":"wp","href":"https:\/\/api.w.org\/{rel}","templated":true}]}}