{"id":352094,"date":"2024-05-10T08:26:06","date_gmt":"2024-05-10T06:26:06","guid":{"rendered":"https:\/\/www.radioluna.it\/news\/?p=352094"},"modified":"2024-05-10T11:20:44","modified_gmt":"2024-05-10T09:20:44","slug":"latina-parco-falcone-e-borsellino-in-cinque-mesi-eseguito-solo-il-25-delle-opere","status":"publish","type":"post","link":"https:\/\/www.radioluna.it\/news\/2024\/05\/latina-parco-falcone-e-borsellino-in-cinque-mesi-eseguito-solo-il-25-delle-opere\/","title":{"rendered":"Parco Falcone e Borsellino, in cinque mesi eseguito solo il 2,5% delle opere"},"content":{"rendered":"<div id=\"fb-root\"><\/div>\n<p style=\"text-align: justify;\"><strong>LATINA &#8211;<\/strong> Si valuta la risoluzione del contratto, ma contemporaneamente si spera in una ripresa dei lavori nell&#8217;appalto per i lavori in parco Falcone Borsellino a Latina. Il Comune ha diffidato pi\u00f9 volte l&#8217;Ati che ha vinto l&#8217;appalto chiedendo l&#8217;aggiornamento del cronoprogramma, ma \u00e8 servito a poco. E da un sopralluogo eseguito alcuni giorni fa nell&#8217;area di cantiere, chiusa dal 18 dicembre 2023, \u00e8 emerso che la ditta non ha le idee chiare sul progetto.<\/p>\n<p style=\"text-align: justify;\">Il pi\u00f9 corposo dei finanziamenti del Pnrr, un progetto anche molto atteso dai cittadini, \u00e8 stato gioved\u00ec mattina all\u2019attenzione della commissione Trasparenza convocata dalla presidente Floriana Coletta presente l\u2019assessore ai lavori Pubblici Massimiliano Carnevale e la dirigente del settore Micol Ayuso.<\/p>\n<p style=\"text-align: justify;\">Nella sua relazione il direttore dei lavori ha spiegato che la ditta nonostante le promesse\u00a0 a voce risulta inadempiente, non ha risposto alle diffide del Comune e i lavori dopo cinque mesi sono solo\u00a0 al 2,5% del totale.<\/p>\n<audio class=\"wp-audio-shortcode\" id=\"audio-352094-1\" preload=\"none\" style=\"width: 100%;\" controls=\"controls\"><source type=\"audio\/mpeg\" src=\"https:\/\/www.radioluna.it\/news\/wp-content\/uploads\/2024\/05\/parco-falcone-e-borsellino.mp3?_=1\" \/><a href=\"https:\/\/www.radioluna.it\/news\/wp-content\/uploads\/2024\/05\/parco-falcone-e-borsellino.mp3\">https:\/\/www.radioluna.it\/news\/wp-content\/uploads\/2024\/05\/parco-falcone-e-borsellino.mp3<\/a><\/audio>\n<p>Secondo quanto riferito dall&#8217;assessore Carnevale il 30% dei lavori da realizzare entro\u00a0 luglio sono ancora un obiettivo raggiungibili se si riprendessero immediatamente i lavori. Intraprendere la via della risoluzione del contratto infatti trascinerebbe il Comune in un contenzioso legale e obbligherebbe l&#8217;ente a chiere al Ministero una proroga necessaria a non far perdere il finanziamento e incorrere in sanzioni.<\/p>\n<div class=\"radio-posizionamento-telefono-in-articoli-dopo-il-contenuto-articolo radio-entity-placement\" id=\"radio-3022278250\"><div id=\"radio-232254361\"><a href=\"https:\/\/www.simeoneceramiche.com\/\" aria-label=\"SIMEONE CERAMICHE GIF animata per radioluna_Tavola disegno 1 copia 2 (online-video-cutter.com)\"><img loading=\"lazy\" decoding=\"async\" src=\"https:\/\/www.radioluna.it\/news\/wp-content\/uploads\/2025\/05\/SIMEONE-CERAMICHE-GIF-animata-per-radioluna_Tavola-disegno-1-copia-2-online-video-cutter.com_.gif\" alt=\"\"  width=\"300\" height=\"250\"   \/><\/a><\/div><\/div>","protected":false},"excerpt":{"rendered":"<p>LATINA &#8211; Si valuta la risoluzione del contratto, ma contemporaneamente si spera in una ripresa dei lavori nell&#8217;appalto per i lavori in parco Falcone Borsellino a Latina. Il Comune ha diffidato pi\u00f9 volte l&#8217;Ati che ha vinto l&#8217;appalto chiedendo l&#8217;aggiornamento del cronoprogramma, ma \u00e8 servito a poco. E da un sopralluogo eseguito alcuni giorni fa [&hellip;]<\/p>\n","protected":false},"author":62,"featured_media":352095,"comment_status":"open","ping_status":"open","sticky":false,"template":"","format":"standard","meta":{"footnotes":""},"categories":[7,8,2428],"tags":[],"class_list":["post-352094","post","type-post","status-publish","format-standard","has-post-thumbnail","hentry","category-cronaca","category-politica","category-primo-piano"],"_links":{"self":[{"href":"https:\/\/www.radioluna.it\/news\/wp-json\/wp\/v2\/posts\/352094","targetHints":{"allow":["GET"]}}],"collection":[{"href":"https:\/\/www.radioluna.it\/news\/wp-json\/wp\/v2\/posts"}],"about":[{"href":"https:\/\/www.radioluna.it\/news\/wp-json\/wp\/v2\/types\/post"}],"author":[{"embeddable":true,"href":"https:\/\/www.radioluna.it\/news\/wp-json\/wp\/v2\/users\/62"}],"replies":[{"embeddable":true,"href":"https:\/\/www.radioluna.it\/news\/wp-json\/wp\/v2\/comments?post=352094"}],"version-history":[{"count":1,"href":"https:\/\/www.radioluna.it\/news\/wp-json\/wp\/v2\/posts\/352094\/revisions"}],"predecessor-version":[{"id":352097,"href":"https:\/\/www.radioluna.it\/news\/wp-json\/wp\/v2\/posts\/352094\/revisions\/352097"}],"wp:featuredmedia":[{"embeddable":true,"href":"https:\/\/www.radioluna.it\/news\/wp-json\/wp\/v2\/media\/352095"}],"wp:attachment":[{"href":"https:\/\/www.radioluna.it\/news\/wp-json\/wp\/v2\/media?parent=352094"}],"wp:term":[{"taxonomy":"category","embeddable":true,"href":"https:\/\/www.radioluna.it\/news\/wp-json\/wp\/v2\/categories?post=352094"},{"taxonomy":"post_tag","embeddable":true,"href":"https:\/\/www.radioluna.it\/news\/wp-json\/wp\/v2\/tags?post=352094"}],"curies":[{"name":"wp","href":"https:\/\/api.w.org\/{rel}","templated":true}]}}