{"id":352135,"date":"2024-05-10T12:12:42","date_gmt":"2024-05-10T10:12:42","guid":{"rendered":"https:\/\/www.radioluna.it\/news\/?p=352135"},"modified":"2024-05-10T12:13:58","modified_gmt":"2024-05-10T10:13:58","slug":"salario-minimo-il-pd-latina-raccoglie-le-firme-per-l-iniziativa-di-legge-popolare","status":"publish","type":"post","link":"https:\/\/www.radioluna.it\/news\/2024\/05\/salario-minimo-il-pd-latina-raccoglie-le-firme-per-l-iniziativa-di-legge-popolare\/","title":{"rendered":"Salario minimo, il Pd Latina raccoglie le firme per l&#8217; iniziativa di legge popolare"},"content":{"rendered":"<div id=\"fb-root\"><\/div>\n<p style=\"text-align: justify;\"><strong>LATINA<\/strong> &#8211; Il Pd promuove una raccolta di firme per promuovere una legge di iniziativa popolare sul salario minimo garantito. Ne d\u00e0 notizia il segretario del Pd Latina Omar Sarubbo ricordando che &#8220;continuer\u00e0 nelle piazze di tutt\u2019Italia la battaglia del Partito Democratico per il salario minimo&#8221;.<\/p>\n<p style=\"text-align: justify;\">La raccolta partir\u00e0 nei prossimi giorni, organizzata dalla Federazione provinciale del Pd, una raccolta firme a sostegno del progetto di legge di iniziativa popolare per garantire retribuzioni giuste e dignitose, in linea con l&#8217;articolo 36 della Costituzione. Stessa impostazione nel merito, con i 9 euro lordi all&#8217;ora come soglia minima inderogabile, ma strumento diverso utile a dare nuovo impulso al progetto attraverso il coinvolgimento diretto dei cittadini &#8211; spiega Sarubbo in una nota &#8211; . Il partito punta a far ritornare la proposta in Parlamento dopo che l\u2019ultimo tentativo di introdurre un salario minimo legale \u00e8 naufragato con il voto da parte della maggioranza di governo di un maxi-emendamento per affossare il testo.<br \/>\n\u00abL&#8217;introduzione del salario minimo &#8211; afferma il segretario provinciale &#8211; \u00e8 una battaglia di civilt\u00e0 che intendiamo proseguire con tutte le nostre forze. La destra non pu\u00f2 fuggire in eterno dal confronto parlamentare e voltare le spalle a quanti, pur lavorando, versano in condizioni di povert\u00e0 e fragilit\u00e0. Per questo, dopo la grande adesione alla petizione degli scorsi mesi, siamo qui a proporre un Progetto di Legge di iniziativa popolare. La Federazione Provinciale del PD e tutti i Circoli territoriali si impegneranno al massimo nella raccolta firme fino a quando le retribuzioni, come recita la nostra Costituzione, non saranno sufficienti \u201cad assicurare a s\u00e9 e alla famiglia un&#8217;esistenza libera e dignitosa\u201d. Sotto i 9 euro l\u2019ora non \u00e8 lavoro, ma sfruttamento\u00bb.<br \/>\nAlla previsione della soglia minima di 9 euro l\u2019ora si aggiunge, come norma di accompagnamento, la richiesta di istituzione del \u201cFondo per il salario minimo\u201d: \u00abPer andare incontro ai datori di lavoro \u2013 spiega Sarubbo &#8211; chiediamo lo stanziamento di 100 milioni di euro per ciascuno degli anni 2024, 2025 e 2026. Ci\u00f2 consentir\u00e0 di contenere l\u2019incremento dei costi del lavoro per le imprese, chiamate ad adeguare il trattamento economico minimo all&#8217;importo di 9 euro l\u2019ora\u00bb.<br \/>\n\u00abSiamo pronti a scendere di nuovo nelle piazze e nelle strade per il salario minimo. In attesa di raggiungere le firme necessarie per presentare la Proposta di Legge di iniziativa popolare, &#8211; aggiunge il responsabile provinciale delle politiche per il lavoro del PD, Paolo Bovieri &#8211; abbiamo anche preparato una mozione per introdurre il salario minimo negli appalti pubblici dei singoli Comuni. Queste iniziative si inseriscono all&#8217;interno di un\u2019articolata campagna che come Federazione Provinciale stiamo promuovendo a tutela del lavoro giusto e sicuro. Abbiamo recentemente sostenuto l\u2019approvazione in pi\u00f9 di 10 Comuni del &#8220;Protocollo per la regolarit\u00e0 e la sicurezza del lavoro negli appalti pubblici&#8221;, che introduce ulteriori controlli e misure di sicurezza sul lavoro per gli appalti pubblici superiori a 150mila euro. Per il lavoro giusto, sicuro e adeguatamente retribuito ci saremo sempre\u00bb.<br \/>\nLe informazioni relative a date e luoghi della raccolta firme saranno disponibili e costantemente aggiornate sulle pagine social del PD provinciale e sul sito pdlatina.it.<\/p>\n","protected":false},"excerpt":{"rendered":"<p>LATINA &#8211; Il Pd promuove una raccolta di firme per promuovere una legge di iniziativa popolare sul salario minimo garantito. Ne d\u00e0 notizia il segretario del Pd Latina Omar Sarubbo ricordando che &#8220;continuer\u00e0 nelle piazze di tutt\u2019Italia la battaglia del Partito Democratico per il salario minimo&#8221;. La raccolta partir\u00e0 nei prossimi giorni, organizzata dalla Federazione [&hellip;]<\/p>\n","protected":false},"author":60,"featured_media":336206,"comment_status":"open","ping_status":"open","sticky":false,"template":"","format":"standard","meta":{"footnotes":""},"categories":[8],"tags":[],"class_list":["post-352135","post","type-post","status-publish","format-standard","has-post-thumbnail","hentry","category-politica"],"_links":{"self":[{"href":"https:\/\/www.radioluna.it\/news\/wp-json\/wp\/v2\/posts\/352135","targetHints":{"allow":["GET"]}}],"collection":[{"href":"https:\/\/www.radioluna.it\/news\/wp-json\/wp\/v2\/posts"}],"about":[{"href":"https:\/\/www.radioluna.it\/news\/wp-json\/wp\/v2\/types\/post"}],"author":[{"embeddable":true,"href":"https:\/\/www.radioluna.it\/news\/wp-json\/wp\/v2\/users\/60"}],"replies":[{"embeddable":true,"href":"https:\/\/www.radioluna.it\/news\/wp-json\/wp\/v2\/comments?post=352135"}],"version-history":[{"count":3,"href":"https:\/\/www.radioluna.it\/news\/wp-json\/wp\/v2\/posts\/352135\/revisions"}],"predecessor-version":[{"id":352141,"href":"https:\/\/www.radioluna.it\/news\/wp-json\/wp\/v2\/posts\/352135\/revisions\/352141"}],"wp:featuredmedia":[{"embeddable":true,"href":"https:\/\/www.radioluna.it\/news\/wp-json\/wp\/v2\/media\/336206"}],"wp:attachment":[{"href":"https:\/\/www.radioluna.it\/news\/wp-json\/wp\/v2\/media?parent=352135"}],"wp:term":[{"taxonomy":"category","embeddable":true,"href":"https:\/\/www.radioluna.it\/news\/wp-json\/wp\/v2\/categories?post=352135"},{"taxonomy":"post_tag","embeddable":true,"href":"https:\/\/www.radioluna.it\/news\/wp-json\/wp\/v2\/tags?post=352135"}],"curies":[{"name":"wp","href":"https:\/\/api.w.org\/{rel}","templated":true}]}}