{"id":352170,"date":"2024-05-10T15:39:10","date_gmt":"2024-05-10T13:39:10","guid":{"rendered":"https:\/\/www.radioluna.it\/news\/?p=352170"},"modified":"2024-05-10T15:39:10","modified_gmt":"2024-05-10T13:39:10","slug":"latina-siglato-accordo-di-sponsorizzazione-con-italgas","status":"publish","type":"post","link":"https:\/\/www.radioluna.it\/news\/2024\/05\/latina-siglato-accordo-di-sponsorizzazione-con-italgas\/","title":{"rendered":"Latina, siglato accordo di sponsorizzazione con Italgas"},"content":{"rendered":"<div id=\"fb-root\"><\/div>\n<p style=\"text-align: justify;\"><strong>LATINA &#8211;<\/strong> Italgas si occuper\u00e0 della sistemazione dell\u2019area verde comunale di piazza San Francesco, compresa tra via Terenzio, via Virgilio e viale Cicerone. \u00c8 quanto stabilito con una delibera di giunta su indirizzo del vicesindaco e assessore ai Lavori pubblici Massimiliano Carnevale.<\/p>\n<p style=\"text-align: justify;\">\u201cItalgas \u2013 dichiara l\u2019assessore Carnevale \u2013 ha proposto di occuparsi, in regime di sponsorizzazione, dei lavori di sistemazione dell\u2019area verde comunale. La giunta ha deciso di sposare la proposta, in un\u2019ottica di collaborazione tra pubblico e privato, che prevede la fornitura e la messa a dimora di dieci nuove alberatura, la realizzazione di un impianto di irrigazione e la potatura delle alberature presenti. Il valore stimato degli interventi previsti \u00e8 di 29mila euro e la durata della sponsorizzazione \u00e8 di cinque anni. La nostra amministrazione \u2013 conclude Carnevale \u2013 ha ritenuto la proposta meritevole di accoglimento, in quanto \u00e8 nostra intenzione valorizzare il patrimonio comunale e migliorare la qualit\u00e0 e il decoro urbano, anche attraverso accordi con partner privati. Il partenariato pubblico-privato consente all\u2019Ente, infatti, di promuovere interventi e migliorare la qualit\u00e0 di alcuni servizi e nel contempo di valorizzare le aziende sponsor a cui \u00e8 garantito un ritorno in termini di immagine e pubblicit\u00e0\u201d.<\/p>\n","protected":false},"excerpt":{"rendered":"<p>LATINA &#8211; Italgas si occuper\u00e0 della sistemazione dell\u2019area verde comunale di piazza San Francesco, compresa tra via Terenzio, via Virgilio e viale Cicerone. \u00c8 quanto stabilito con una delibera di giunta su indirizzo del vicesindaco e assessore ai Lavori pubblici Massimiliano Carnevale. \u201cItalgas \u2013 dichiara l\u2019assessore Carnevale \u2013 ha proposto di occuparsi, in regime di [&hellip;]<\/p>\n","protected":false},"author":60,"featured_media":335842,"comment_status":"open","ping_status":"open","sticky":false,"template":"","format":"standard","meta":{"footnotes":""},"categories":[8],"tags":[],"class_list":["post-352170","post","type-post","status-publish","format-standard","has-post-thumbnail","hentry","category-politica"],"_links":{"self":[{"href":"https:\/\/www.radioluna.it\/news\/wp-json\/wp\/v2\/posts\/352170","targetHints":{"allow":["GET"]}}],"collection":[{"href":"https:\/\/www.radioluna.it\/news\/wp-json\/wp\/v2\/posts"}],"about":[{"href":"https:\/\/www.radioluna.it\/news\/wp-json\/wp\/v2\/types\/post"}],"author":[{"embeddable":true,"href":"https:\/\/www.radioluna.it\/news\/wp-json\/wp\/v2\/users\/60"}],"replies":[{"embeddable":true,"href":"https:\/\/www.radioluna.it\/news\/wp-json\/wp\/v2\/comments?post=352170"}],"version-history":[{"count":0,"href":"https:\/\/www.radioluna.it\/news\/wp-json\/wp\/v2\/posts\/352170\/revisions"}],"wp:featuredmedia":[{"embeddable":true,"href":"https:\/\/www.radioluna.it\/news\/wp-json\/wp\/v2\/media\/335842"}],"wp:attachment":[{"href":"https:\/\/www.radioluna.it\/news\/wp-json\/wp\/v2\/media?parent=352170"}],"wp:term":[{"taxonomy":"category","embeddable":true,"href":"https:\/\/www.radioluna.it\/news\/wp-json\/wp\/v2\/categories?post=352170"},{"taxonomy":"post_tag","embeddable":true,"href":"https:\/\/www.radioluna.it\/news\/wp-json\/wp\/v2\/tags?post=352170"}],"curies":[{"name":"wp","href":"https:\/\/api.w.org\/{rel}","templated":true}]}}