{"id":352267,"date":"2024-05-13T15:55:41","date_gmt":"2024-05-13T13:55:41","guid":{"rendered":"https:\/\/www.radioluna.it\/news\/?p=352267"},"modified":"2024-05-13T15:55:41","modified_gmt":"2024-05-13T13:55:41","slug":"consiglio-delle-bambine-e-dei-bambini-a-latina-primo-incontro-programmatico","status":"publish","type":"post","link":"https:\/\/www.radioluna.it\/news\/2024\/05\/consiglio-delle-bambine-e-dei-bambini-a-latina-primo-incontro-programmatico\/","title":{"rendered":"Consiglio delle bambine e dei bambini a Latina: primo incontro programmatico"},"content":{"rendered":"<div id=\"fb-root\"><\/div>\n<p style=\"text-align: justify;\"><strong>LATINA &#8211;<\/strong> Primo incontro programmatico per il Consiglio delle bambine e dei bambini, che prender\u00e0 il via dal mese di settembre 2024. Questa mattina, nell\u2019aula De Pasquale del Comune di Latina, si \u00e8 tenuta una riunione operativa per stabilire le modalit\u00e0 con cui verr\u00e0 realizzato. Hanno partecipato il Sindaco Matilde Celentano, l\u2019assessore all\u2019Istruzione Francesca Tesone, la segreteria del Sindaco che ha contribuito ad avviare il progetto, la referente nominata dalla prima cittadina, la consigliera Francesca Pagano, la referente del provveditorato Amelia Valleriani, la facilitatrice Emilia De Nardis e le scuole interessate al progetto.<\/p>\n<p style=\"text-align: justify;\">\u201cAbbiamo mantenuto la promessa data \u2013 dichiara il Sindaco Matilde Celentano &#8211; di continuare a dare voce ai bambini della nostra citt\u00e0, avvicinandoli alla partecipazione civica per ascoltare e mettere in pratica le richieste dei pi\u00f9 piccoli. La nostra amministrazione, infatti, ritiene che grazie all\u2019ascolto dei pi\u00f9 piccoli sar\u00e0 possibile incrementare la qualit\u00e0 della vita di tutti i cittadini. Contemporaneamente, gli studenti del Consiglio dei Bambini e delle Bambine parteciperanno ad una serie di attivit\u00e0 istruttive per sensibilizzarli a tematiche di fondamentale importanza, come ad esempio la giornata dei diritti per l\u2019infanzia, l\u2019educazione alla non violenza, l\u2019educazione stradale, un incontro con i pediatri per comprendere l\u2019importanza dell\u2019attivit\u00e0 fisica per la salute e molto altro di cui vi parleranno i relatori di questo primo appuntamento programmatico. Per i bambini, per i dirigenti scolastici e per gli insegnanti che li accompagneranno in questo percorso, sar\u00e0 un\u2019esperienza indimenticabile di avvicinamento alla vita istituzionale, basato sulla partecipazione attiva. Formeremo una squadra che, insieme, ci porter\u00e0 a rendere la nostra citt\u00e0 anche a misura dei pi\u00f9 piccoli\u201d.<\/p>\n<p style=\"text-align: justify;\">\u201cIl progetto \u2013 commenta l\u2019assessore Tesone &#8211; \u00e8 rivolto a studenti della quarta e quinta elementare e il numero definitivo verr\u00e0 stabilito a settembre in base al numero delle scuole che aderiranno al progetto e sar\u00e0 in numero equo tra bambine e bambini. Siamo fiduciosi nella partecipazione attiva da parte degli istituti del territorio, che potranno cos\u00ec cogliere questa occasione di partecipazione attiva alla vita istituzionale. Mi rivolgo, dunque, a tutte le scuole, ai docenti e ai genitori che hanno tempo entro il 30 giugno per aderire al progetto\u201d.<\/p>\n<p style=\"text-align: justify;\">\u201cRingrazio il Sindaco Matilde Celentano \u2013 afferma la consigliera Pagano &#8211; per la nomina di consigliera referente del progetto, gli assessori Francesca Tesone e Andrea Chiarato per il loro supporto per la realizzazione del progetto e tutta la squadra incaricata nonch\u00e9 i consiglieri e i presidenti di commissione presenti oggi in sala. Questo \u00e8 un\u2019iniziativa, per la citt\u00e0, in cui tutta l\u2019amministrazione sar\u00e0 coinvolta per la sua realizzazione. Non ha colori politici, \u00e8 trasversale e ha come scopo quello di rendere Latina una citt\u00e0 a misura di bambino, a misura di tutti e che non lasci indietro nessuno. Nella giornata di oggi \u00e8 stato presentato il programma dettagliato delle attivit\u00e0 che si svolgeranno per l\u2019anno 2024-2025. La prossima riunione sar\u00e0 operativa e direttamente con le scuole che hanno deciso di aderire, per poi procedere all\u2019estrazione dei bambini nei vari istituti comprensivi\u201d.<\/p>\n","protected":false},"excerpt":{"rendered":"<p>LATINA &#8211; Primo incontro programmatico per il Consiglio delle bambine e dei bambini, che prender\u00e0 il via dal mese di settembre 2024. Questa mattina, nell\u2019aula De Pasquale del Comune di Latina, si \u00e8 tenuta una riunione operativa per stabilire le modalit\u00e0 con cui verr\u00e0 realizzato. Hanno partecipato il Sindaco Matilde Celentano, l\u2019assessore all\u2019Istruzione Francesca Tesone, [&hellip;]<\/p>\n","protected":false},"author":60,"featured_media":0,"comment_status":"open","ping_status":"open","sticky":false,"template":"","format":"standard","meta":{"footnotes":""},"categories":[8],"tags":[],"class_list":["post-352267","post","type-post","status-publish","format-standard","hentry","category-politica"],"_links":{"self":[{"href":"https:\/\/www.radioluna.it\/news\/wp-json\/wp\/v2\/posts\/352267","targetHints":{"allow":["GET"]}}],"collection":[{"href":"https:\/\/www.radioluna.it\/news\/wp-json\/wp\/v2\/posts"}],"about":[{"href":"https:\/\/www.radioluna.it\/news\/wp-json\/wp\/v2\/types\/post"}],"author":[{"embeddable":true,"href":"https:\/\/www.radioluna.it\/news\/wp-json\/wp\/v2\/users\/60"}],"replies":[{"embeddable":true,"href":"https:\/\/www.radioluna.it\/news\/wp-json\/wp\/v2\/comments?post=352267"}],"version-history":[{"count":0,"href":"https:\/\/www.radioluna.it\/news\/wp-json\/wp\/v2\/posts\/352267\/revisions"}],"wp:attachment":[{"href":"https:\/\/www.radioluna.it\/news\/wp-json\/wp\/v2\/media?parent=352267"}],"wp:term":[{"taxonomy":"category","embeddable":true,"href":"https:\/\/www.radioluna.it\/news\/wp-json\/wp\/v2\/categories?post=352267"},{"taxonomy":"post_tag","embeddable":true,"href":"https:\/\/www.radioluna.it\/news\/wp-json\/wp\/v2\/tags?post=352267"}],"curies":[{"name":"wp","href":"https:\/\/api.w.org\/{rel}","templated":true}]}}