{"id":352341,"date":"2024-05-14T14:40:01","date_gmt":"2024-05-14T12:40:01","guid":{"rendered":"https:\/\/www.radioluna.it\/news\/?p=352341"},"modified":"2024-05-14T14:37:03","modified_gmt":"2024-05-14T12:37:03","slug":"lauretti-m5s-riduzione-dellisola-pedonale-scelta-anacronistica","status":"publish","type":"post","link":"https:\/\/www.radioluna.it\/news\/2024\/05\/lauretti-m5s-riduzione-dellisola-pedonale-scelta-anacronistica\/","title":{"rendered":"Lauretti (M5S): &#8220;Riduzione dell&#8217;isola pedonale, scelta anacronistica&#8221;"},"content":{"rendered":"<div id=\"fb-root\"><\/div>\n<p style=\"text-align: justify;\"><strong>LATINA &#8211;<\/strong>\u00a0 &#8220;Mentre in tutta Europa un numero sempre crescente di citt\u00e0 amministrate da partiti di qualsiasi colore politico decide di pedonalizzare il centro storico, la giunta Celentano opta per un ritorno al passato anacronistico, mostrando una scarsa sensibilit\u00e0 rispetto ai temi ambientali, soprattutto per quanto riguarda le emissioni&#8221;. A sostenerlo \u00e8 Federica Lauretti, candidata M5S alle elezioni europee nella circoscrizione centro.<br \/>\n&#8220;Sono anni che l&#8217;Europa ci chiede di cambiare velocit\u00e0 in merito e, proprio mentre la citt\u00e0 aveva iniziato a sperimentare un centro storico libero da rumori ed emissioni climalteranti, il centrodestra decide di arretrare invece di continuare nella direzione indicata da tutti i maggiori esperti &#8211; ha aggiunto la candidata del M5S Federica Lauretti-. Ricordo che Legambiente ha gi\u00e0 denunciato l&#8217;alta concentrazione di PM10 nel capoluogo (pi\u00f9 alta che a Genova), bocciando la nostra citt\u00e0 anche per quanto riguarda la gestione della mobilit\u00e0 alternativa&#8221;.<br \/>\n&#8220;La nostra citt\u00e0 deve fare tutto il possibile per contribuire al raggiungimento degli obiettivi fissati dagli accordi di Parigi -ha aggiunto Lauretti-. Per salvare il pianeta dobbiamo concentrarci su progetti che abbiano un reale valore aggiunto per lo sviluppo di un sistema di trasporti efficiente e moderno e investire laddove c\u2019\u00e8 una maggiore carenza di infrastrutture avendo bene in mente che l&#8217;obiettivo deve essere quello di un pieno raggiungimento della transizione ecologica. L&#8217;obiettivo di una politica locale lungimirante dovrebbe essere quello dell\u2019elettrificazione dei trasporti pubblici e privati. La mobilit\u00e0 elettrica \u00e8 irreversibile in virt\u00f9 del regolamento approvato nella scorsa legislatura sul divieto di immatricolazione delle auto inquinanti a partire dal 2035. Le automobili a diesel o benzina acquistate prima del 2035 potranno ancora circolare e sar\u00e0 consentito vendere auto usate con motori endotermici. Tuttavia la politica deve dare l&#8217;esempio e fare la propria parte intervenendo sul settore dei trasporti&#8221;.<br \/>\n&#8220;Vista la situazione climatica e le possibilit\u00e0 fornite dal Fondo di transizione &#8211; conclude Lauretti-, la nostra citt\u00e0 dovrebbe puntare a ridurre il numero di auto private circolanti, soprattutto nei centri urbani, dove l\u2019utilizzo del mezzo privato dovr\u00e0 lasciare necessariamente spazio ad altre forme di mobilit\u00e0. In quest\u2019ottica sono necessari ulteriori sforzi per potenziare e rendere pi\u00f9 efficiente la mobilit\u00e0 collettiva e condivisa per renderla un\u2019alternativa valida all\u2019uso del mezzo privato. Inoltre bisogna garantire una rete di ricarica capillare e uniforme per le auto elettriche. Si tratta di una sfida per le imprese del nostro territorio, il Movimento 5 Stelle si pone come obiettivo quello di tutelare l\u2019indotto della componentistica nella riconversione tecnologica, anche per garantire la competitivit\u00e0 e tutelare i posti di lavoro nel settore con un occhio di riguardo alle piccole medie imprese, motore di progresso e sviluppo del nostro territorio&#8221;.<\/p>\n","protected":false},"excerpt":{"rendered":"<p>LATINA &#8211;\u00a0 &#8220;Mentre in tutta Europa un numero sempre crescente di citt\u00e0 amministrate da partiti di qualsiasi colore politico decide di pedonalizzare il centro storico, la giunta Celentano opta per un ritorno al passato anacronistico, mostrando una scarsa sensibilit\u00e0 rispetto ai temi ambientali, soprattutto per quanto riguarda le emissioni&#8221;. A sostenerlo \u00e8 Federica Lauretti, candidata [&hellip;]<\/p>\n","protected":false},"author":60,"featured_media":352342,"comment_status":"open","ping_status":"open","sticky":false,"template":"","format":"standard","meta":{"footnotes":""},"categories":[8],"tags":[],"class_list":["post-352341","post","type-post","status-publish","format-standard","has-post-thumbnail","hentry","category-politica"],"_links":{"self":[{"href":"https:\/\/www.radioluna.it\/news\/wp-json\/wp\/v2\/posts\/352341","targetHints":{"allow":["GET"]}}],"collection":[{"href":"https:\/\/www.radioluna.it\/news\/wp-json\/wp\/v2\/posts"}],"about":[{"href":"https:\/\/www.radioluna.it\/news\/wp-json\/wp\/v2\/types\/post"}],"author":[{"embeddable":true,"href":"https:\/\/www.radioluna.it\/news\/wp-json\/wp\/v2\/users\/60"}],"replies":[{"embeddable":true,"href":"https:\/\/www.radioluna.it\/news\/wp-json\/wp\/v2\/comments?post=352341"}],"version-history":[{"count":1,"href":"https:\/\/www.radioluna.it\/news\/wp-json\/wp\/v2\/posts\/352341\/revisions"}],"predecessor-version":[{"id":352343,"href":"https:\/\/www.radioluna.it\/news\/wp-json\/wp\/v2\/posts\/352341\/revisions\/352343"}],"wp:featuredmedia":[{"embeddable":true,"href":"https:\/\/www.radioluna.it\/news\/wp-json\/wp\/v2\/media\/352342"}],"wp:attachment":[{"href":"https:\/\/www.radioluna.it\/news\/wp-json\/wp\/v2\/media?parent=352341"}],"wp:term":[{"taxonomy":"category","embeddable":true,"href":"https:\/\/www.radioluna.it\/news\/wp-json\/wp\/v2\/categories?post=352341"},{"taxonomy":"post_tag","embeddable":true,"href":"https:\/\/www.radioluna.it\/news\/wp-json\/wp\/v2\/tags?post=352341"}],"curies":[{"name":"wp","href":"https:\/\/api.w.org\/{rel}","templated":true}]}}