{"id":352513,"date":"2024-05-16T13:43:58","date_gmt":"2024-05-16T11:43:58","guid":{"rendered":"https:\/\/www.radioluna.it\/news\/?p=352513"},"modified":"2024-05-16T17:52:55","modified_gmt":"2024-05-16T15:52:55","slug":"novecento-un-secolo-da-scoprire-concerti-nellarena-del-cambellotti-di-latina","status":"publish","type":"post","link":"https:\/\/www.radioluna.it\/news\/2024\/05\/novecento-un-secolo-da-scoprire-concerti-nellarena-del-cambellotti-di-latina\/","title":{"rendered":"&#8220;Novecento. Un secolo da scoprire&#8221;: concerti nell&#8217;arena del Cambellotti di Latina"},"content":{"rendered":"<div id=\"fb-root\"><\/div>\n<p><strong>LATINA<\/strong> &#8211;\u00a0 \u201cNovecento. Un secolo da scoprire\u201d \u00e8 il titolo della nuova rassegna di spettacolo dal vivo che si aprir\u00e0 sabato 18 maggio nell\u2019Arena del Museo Cambellotti. Frutto della collaborazione tra il <strong>Comune di Latina<\/strong>, il <strong>Museo Cambellotti<\/strong> e il <strong>Campus Internazionale di Musica<\/strong>, l\u2019iniziativa prevede nove spettacoli, dal 18 maggio al 29 giugno, con artisti di fama internazionale e giovani formazioni.<\/p>\n<p style=\"text-align: justify;\">\u201cIl progetto \u2018Novecento\u2019 \u00e8 nato con lo scopo di invitare a conoscere meglio il patrimonio culturale della citt\u00e0 che ha radici nel secolo scorso ma vuole guardare al futuro, provando a mettere a sistema le realt\u00e0 culturali del territorio e creare un circuito virtuoso di crescita della comunit\u00e0 locale, fatto di reti e connessioni tra le istituzioni, tra i corpi sociali, tra le generazioni&#8221;, spiega la <strong>sindaca di Latina Matilde Celentano<\/strong> sottolineando anche che &#8220;gli spettacoli di grande interesse artistico aggiungono un nuovo frammento al mosaico di interventi che la citt\u00e0 ha disegnato con la candidatura a Capitale della cultura italiana 2026, che oggi prosegue con maggiore consapevolezza della ricchezza culturale di cui \u00e8 depositaria all\u2019interno del cantiere delle citt\u00e0 finaliste&#8221;.<\/p>\n<p style=\"text-align: justify;\">Un programma pensato per avvicinare tutte le generazioni all\u2019ascolto, alla bellezza della musica e della cultura e al piacere dell\u2019incontro, sintetizza la prima cittadina.<\/p>\n<p style=\"text-align: justify;\">&#8220;Ringrazio il Sindaco Matilde Eleonora Celentano \u2013 fa sapere <strong>Elisa Cerocchi, presidente del Campus<\/strong> &#8211; per aver coinvolto la nostra Fondazione nella realizzazione del progetto Novecento. Un secolo da scoprire. La citt\u00e0 di Latina e il Campus sono creature del Novecento ed insieme vogliono offrire a tutti i cittadini\u00a0la possibilit\u00e0 di conoscere meglio la loro storia e il patrimonio che conservano. Vi aspettiamo numerosi!\u201d<\/p>\n<p style=\"text-align: justify;\"><strong>I CONCERTI<\/strong> &#8211; Saranno <strong>l\u2019Orchestra Roma Tre e la fagottista olandese Lola Descours<\/strong>, artista di fama internazionale, ad aprire l\u2019iniziativa,<strong> sabato 18 maggio<\/strong>, nel concerto \u201cUn fagotto in Italia\u201d, nel quale si ascolteranno concerti e arie di Corelli, Rossini e Vivaldi.<\/p>\n<p style=\"text-align: justify;\"><strong>Sabato 25 maggio <\/strong>sar\u00e0 la volta del<strong> Chiara Grillo Ensemble<\/strong>, gruppo dedito alla ricerca e all\u2019esecuzione di brani della tradizione popolare. Nei concerti del gruppo si intrecciano culture diverse, soprattutto del Mediterraneo, che trovano nel linguaggio musicale una casa comune.<\/p>\n<p style=\"text-align: justify;\"><strong>Domenica 26 maggio il Neos Saxophone Ensemble<\/strong>, gruppo composto da un doppio quartetto di saxofoni accumunati dalla formazione presso il Conservatorio di Latina e dal perfezionamento con Claude Delangle ai Corsi di Sermoneta, spazier\u00e0, sotto la direzione di Daniele Caporaso, dalla musica barocca al jazz, alla musica da film fino a composizioni originali contemporanee.<\/p>\n<p style=\"text-align: justify;\">Sabato <strong>1\u00b0 giugno Roberto Gatto<\/strong>, icona del jazz italiano, presenta una formazione inedita. Unendo le forze con <strong>Alessandro Lanzoni all&#8217;organo Hammond e Edoardo Ferri alla chitarra<\/strong>, il gruppo esplora nuove sonorit\u00e0, ricalcando le orme degli \u201cOrgan Trio\u201d pi\u00f9 iconici. Questo trio, guidato dalla maestria di Gatto alla batteria, si immerge in un viaggio musicale che attraversa composizioni originali e reinterpretazioni di classici.<\/p>\n<p style=\"text-align: justify;\"><strong>Sabato 15 giugno Il Nautilus Ensemble<\/strong>, che riunisce musicisti professionisti italiani impegnati nella divulgazione dei tesori della musica classica, presenter\u00e0 a Latina \u201cIl Talismano di Berar&#8221;, una favola musicale per grandi e piccini che racconta una storia ambientata in uno scenario fantastico tra streghe e maghi, con musiche che invitano lo spettatore a immergersi nella narrazione.<\/p>\n<p style=\"text-align: justify;\"><strong>Domenica 16 giugno il violinista Ivos Margoni<\/strong>, giovanissimo vincitore della prima edizione del Premio Riccardo Cerocchi nel 2018, e Luca Margoni, versatile chitarrista, presenteranno \u201cMagia decacorde\u201d un programma di duetti con musiche di Paganini, Massenet, Sarasade, Bart\u00f3k, de Falla per chiudere con brani dall\u2019\u201dHistoire du Tango\u201d di Piazzolla.<\/p>\n<p style=\"text-align: justify;\"><strong>Sabato 22 luglio<\/strong> l\u2019Arena del Cambellotti sar\u00e0 animata da\u00a0\u201c<strong>Impurissima Foemina<\/strong>\u201d, spettacolo ispirato alla vita di Caterina Medici da Broni, processata per stregoneria e condannata a morte, che vede protagonisti l\u2019ensemble di percussioni Ars Ludi ed il quartetto vocale Faraualla, con il prologo del critico e musicologo Guido Barbieri.\u00a0 Un concerto in cui, attraverso la musica e semplici azioni sceniche, in un delicato equilibrio tra il linguaggio della tradizione popolare e quello contemporaneo, Ars Ludi e Faraualla fondono le originali sonorit\u00e0 del loro repertorio per narrare una storia di grande forza emotiva e di straordinaria attualit\u00e0.<\/p>\n<p style=\"text-align: justify;\"><strong>Domenica 23 giugno<\/strong> la giovane <strong>orchestra d\u2019archi Chiave di Volta<\/strong>, con Lara Biancalana violoncello solista e Alessandro Baccaro alla direzione, presenter\u00e0 \u201cDal Barocco al Novecento\u201d con opere di Mozart, C.P.E. Bach e Grieg.<\/p>\n<p style=\"text-align: justify;\">Chiuder\u00e0 la rassegna, <strong>sabato 29 giugno, il duo pontino formato da Giulia Cellacchi (violino) e Davide Cellacchi (violoncello)<\/strong>, sicuramente la formazione pi\u00f9 giovane dell\u2019intero cartellone ma con un gi\u00e0 solido curriculum. In programma duetti di Gli\u00e8re, Bart\u00f3k e K\u00f3daly.<\/p>\n<p style=\"text-align: justify;\">\u201cUn progetto che rafforza la relazione del Museo Cambellotti con importanti realt\u00e0 culturali della citt\u00e0 \u2013 sostiene Antonia Lo Rillo, Direttore Scientifico \u2013 ringrazio il Sindaco Matilde Celentano per l\u2019indirizzo ricevuto volto a sviluppare il ruolo delle strutture museali e la Presidente del Campus Elisa Cerocchi, per la prestigiosa collaborazione.\u201d<\/p>\n<p style=\"text-align: justify;\">L\u2019iniziativa &#8211; che prevede altri tre eventi nei prossimi mesi &#8211; \u00e8 realizzata con il cofinanziamento del Ministero della Cultura, della Regione Lazio e del Comune di Latina.<\/p>\n<p style=\"text-align: justify;\">Per il periodo della rassegna, sar\u00e0 aperto al pubblico il <strong>punto-ristoro del Museo Cambellotti<\/strong>. La gestione \u00e8 affidata all\u2019<strong>Istituto di Istruzione Superiore San Benedetto di Latina<\/strong> \u2013 indirizzo Enogastronomia e ospitalit\u00e0 &#8211; nell\u2019ambito dei Percorsi per le Competenze Trasversali e l\u2019Orientamento (PCTO).<\/p>\n<p style=\"text-align: justify;\"><a href=\"https:\/\/campusmusica.it\/novecento-un-secolo-da-scoprire-campus-musica-latina\/\">https:\/\/campusmusica.it\/novecento-un-secolo-da-scoprire-campus-musica-latina\/<\/a><\/p>\n<p style=\"text-align: justify;\">Info: info@campusmusica.it, tel. 329-7540544, www.campusmusica.it<\/p>\n<p style=\"text-align: justify;\">Biglietto: \u20ac 10,00 &#8211; \u00c8 consigliata la prenotazione<\/p>\n<p style=\"text-align: justify;\">I biglietti potranno essere prenotati scrivendo a: &#8211; biglietteria@campusmusica.it\u00a0 (fino al venerd\u00ec entro le ore 17.00) oppure su WhatsApp 329-7540544.<\/p>\n<p>I biglietti prenotati dovranno essere ritirati entro le ore 20.00 del giorno del concerto.<\/p>\n<p>La biglietteria aprir\u00e0 alle ore 19.30<\/p>\n<p>&nbsp;<\/p>\n<p>&nbsp;<\/p>\n<div class=\"radio-posizionamento-telefono-in-articoli-dopo-il-contenuto-articolo radio-entity-placement\" id=\"radio-3242405634\"><div id=\"radio-403465869\"><a href=\"https:\/\/grupporedi.it\/\" aria-label=\"Redi-Qr\"><img loading=\"lazy\" decoding=\"async\" src=\"https:\/\/www.radioluna.it\/news\/wp-content\/uploads\/2026\/03\/Redi-Qr.jpg\" alt=\"\"  srcset=\"https:\/\/www.radioluna.it\/news\/wp-content\/uploads\/2026\/03\/Redi-Qr.jpg 800w, https:\/\/www.radioluna.it\/news\/wp-content\/uploads\/2026\/03\/Redi-Qr-768x639.jpg 768w\" sizes=\"(max-width: 800px) 100vw, 800px\" width=\"300\" height=\"250\"   \/><\/a><\/div><\/div>","protected":false},"excerpt":{"rendered":"<p>LATINA &#8211;\u00a0 \u201cNovecento. Un secolo da scoprire\u201d \u00e8 il titolo della nuova rassegna di spettacolo dal vivo che si aprir\u00e0 sabato 18 maggio nell\u2019Arena del Museo Cambellotti. Frutto della collaborazione tra il Comune di Latina, il Museo Cambellotti e il Campus Internazionale di Musica, l\u2019iniziativa prevede nove spettacoli, dal 18 maggio al 29 giugno, con [&hellip;]<\/p>\n","protected":false},"author":60,"featured_media":352516,"comment_status":"open","ping_status":"open","sticky":false,"template":"","format":"gallery","meta":{"footnotes":""},"categories":[15,734],"tags":[],"class_list":["post-352513","post","type-post","status-publish","format-gallery","has-post-thumbnail","hentry","category-cultura","category-evidenza","post_format-post-format-gallery"],"_links":{"self":[{"href":"https:\/\/www.radioluna.it\/news\/wp-json\/wp\/v2\/posts\/352513","targetHints":{"allow":["GET"]}}],"collection":[{"href":"https:\/\/www.radioluna.it\/news\/wp-json\/wp\/v2\/posts"}],"about":[{"href":"https:\/\/www.radioluna.it\/news\/wp-json\/wp\/v2\/types\/post"}],"author":[{"embeddable":true,"href":"https:\/\/www.radioluna.it\/news\/wp-json\/wp\/v2\/users\/60"}],"replies":[{"embeddable":true,"href":"https:\/\/www.radioluna.it\/news\/wp-json\/wp\/v2\/comments?post=352513"}],"version-history":[{"count":2,"href":"https:\/\/www.radioluna.it\/news\/wp-json\/wp\/v2\/posts\/352513\/revisions"}],"predecessor-version":[{"id":352548,"href":"https:\/\/www.radioluna.it\/news\/wp-json\/wp\/v2\/posts\/352513\/revisions\/352548"}],"wp:featuredmedia":[{"embeddable":true,"href":"https:\/\/www.radioluna.it\/news\/wp-json\/wp\/v2\/media\/352516"}],"wp:attachment":[{"href":"https:\/\/www.radioluna.it\/news\/wp-json\/wp\/v2\/media?parent=352513"}],"wp:term":[{"taxonomy":"category","embeddable":true,"href":"https:\/\/www.radioluna.it\/news\/wp-json\/wp\/v2\/categories?post=352513"},{"taxonomy":"post_tag","embeddable":true,"href":"https:\/\/www.radioluna.it\/news\/wp-json\/wp\/v2\/tags?post=352513"}],"curies":[{"name":"wp","href":"https:\/\/api.w.org\/{rel}","templated":true}]}}