{"id":352650,"date":"2024-05-17T18:07:11","date_gmt":"2024-05-17T16:07:11","guid":{"rendered":"https:\/\/www.radioluna.it\/news\/?p=352650"},"modified":"2024-05-18T07:30:42","modified_gmt":"2024-05-18T05:30:42","slug":"porta-nord-contenziosi-con-comune-e-acqualatina-che-interrompe-lerogazione-idrica","status":"publish","type":"post","link":"https:\/\/www.radioluna.it\/news\/2024\/05\/porta-nord-contenziosi-con-comune-e-acqualatina-che-interrompe-lerogazione-idrica\/","title":{"rendered":"Porta Nord gli inquilini non pagano, Acqualatina chiude l&#8217;acqua, interviene il Comune"},"content":{"rendered":"<div id=\"fb-root\"><\/div>\n<p style=\"text-align: justify;\"><strong>LATINA &#8211;<\/strong> Il caso dell\u2019interruzione idrica operata da Acqualatina in uno dei due condomini del complesso immobiliare denominato Porta Nord, nel quartiere Pantanaccio, \u00e8 stato oggetto di una riunione in Comune a cui hanno preso parte il sindaco Matilde Celentano, il Direttore Generale Agostino Marcheselli, il dirigente dell\u2019ufficio Patrimonio Alessandra Pacifico con il funzionario Roberto Tozzato, l\u2019Amministratore del condominio, Isabella Riva, e il Commissario della Polizia Locale Emilio Boscaro.<\/p>\n<p style=\"text-align: justify;\">La decisione di Acqualatina di sospendere l\u2019erogazione del flusso idrico nei due lotti del condominio Porta Nord, abitati da 48 nuclei familiari, \u00e8 arrivata dopo un lungo e finora infruttuoso braccio di ferro tra i residenti, l\u2019amministratore del condominio e il Comune di Latina, proprietario dei due immobili destinati all\u2019emergenza abitativa, per tentare di recuperare attraverso un piano di rientro l\u2019imponente credito che vantano da un lato la societ\u00e0 Acqualatina (circa 90 mila euro) e dall\u2019altro lo stesso Comune di Latina (poco meno di centomila euro). Tali somme fanno a loro volta parte del credito complessivo accumulato dall\u2019amministrazione condominiale che come da contratto si fa carico di pagare per conto dei condomini acqua, gas e aria condizionata. Trattandosi di abitazioni realizzate secondo i pi\u00f9 recenti sistemi di efficientamento energetico, la spesa condominiale pro-capite si aggira intorno ai 500 euro mensili, importo compensato dal canone di affitto che nel condominio Porta Nord varia tra i 7 e i 15 euro mensili a seconda della superficie degli appartamenti.<\/p>\n<p style=\"text-align: justify;\">E\u2019 evidente che il debito accumulato dai condomini ha radici annose, e un precedente accordo per un piano di rientro sottoscritto tra le parti \u00e8 rimasto lettera morta, circostanza che ora impone ad Acqualatina ed anche al Comune di doversi tutelare per non danneggiare la societ\u00e0 n\u00e9 l\u2019ente.<\/p>\n<p style=\"text-align: justify;\">Grazie alla disponibilit\u00e0 di Acqualatina e all\u2019impegno assunto dall\u2019amministrazione comunale per trovare una corretta via d\u2019uscita dalla situazione complicata che si \u00e8 venuta a determinare, nel pomeriggio di oggi \u00e8 stato ripristinato il flusso idrico nel condominio, con sollievo dei residenti e con buona pace di coloro che seppure con difficolt\u00e0 hanno sempre pagato canoni di affitto e quote condominiali. La situazione pi\u00f9 pesante \u00e8 infatti quella subita dai non morosi.<\/p>\n<p style=\"text-align: justify;\">Dal canto loro i condomini si sono impegnati a versare immediatamente una quota pro capite all\u2019amministratore affinch\u00e9 questo possa a sua volta riversarla ad Acqualatina, segnale della volont\u00e0 dei residenti di concorrere al risanamento dell\u2019attuale situazione debitoria.<\/p>\n<p style=\"text-align: justify;\">Gi\u00e0 da luned\u00ec il Comune si attiver\u00e0 con un tavolo di lavoro per individuare il percorso da seguire per rispristinare le condizioni di legalit\u00e0 nel rapporto tra condomini, ente locale ed Acqualatina. Laddove si render\u00e0 necessario, l\u2019amministrazione ha annunciato che non esiter\u00e0 a dare preavviso di sfratto a coloro che non si renderanno disponibili a sostenere un piano finanziario di rientro, capace di tenere conto delle reali possibilit\u00e0 di ciascuno ma anche dei diritti dei fornitori dei servizi.<\/p>\n<div class=\"radio-posizionamento-telefono-in-articoli-dopo-il-contenuto-articolo radio-entity-placement\" id=\"radio-1682189981\"><div id=\"radio-4104078901\"><a href=\"https:\/\/www.simeoneceramiche.com\/\" aria-label=\"SIMEONE CERAMICHE GIF animata per radioluna_Tavola disegno 1 copia 2 (online-video-cutter.com)\"><img loading=\"lazy\" decoding=\"async\" src=\"https:\/\/www.radioluna.it\/news\/wp-content\/uploads\/2025\/05\/SIMEONE-CERAMICHE-GIF-animata-per-radioluna_Tavola-disegno-1-copia-2-online-video-cutter.com_.gif\" alt=\"\"  width=\"300\" height=\"250\"   \/><\/a><\/div><\/div>","protected":false},"excerpt":{"rendered":"<p>LATINA &#8211; Il caso dell\u2019interruzione idrica operata da Acqualatina in uno dei due condomini del complesso immobiliare denominato Porta Nord, nel quartiere Pantanaccio, \u00e8 stato oggetto di una riunione in Comune a cui hanno preso parte il sindaco Matilde Celentano, il Direttore Generale Agostino Marcheselli, il dirigente dell\u2019ufficio Patrimonio Alessandra Pacifico con il funzionario Roberto [&hellip;]<\/p>\n","protected":false},"author":60,"featured_media":0,"comment_status":"open","ping_status":"open","sticky":false,"template":"","format":"standard","meta":{"footnotes":""},"categories":[8],"tags":[],"class_list":["post-352650","post","type-post","status-publish","format-standard","hentry","category-politica"],"_links":{"self":[{"href":"https:\/\/www.radioluna.it\/news\/wp-json\/wp\/v2\/posts\/352650","targetHints":{"allow":["GET"]}}],"collection":[{"href":"https:\/\/www.radioluna.it\/news\/wp-json\/wp\/v2\/posts"}],"about":[{"href":"https:\/\/www.radioluna.it\/news\/wp-json\/wp\/v2\/types\/post"}],"author":[{"embeddable":true,"href":"https:\/\/www.radioluna.it\/news\/wp-json\/wp\/v2\/users\/60"}],"replies":[{"embeddable":true,"href":"https:\/\/www.radioluna.it\/news\/wp-json\/wp\/v2\/comments?post=352650"}],"version-history":[{"count":1,"href":"https:\/\/www.radioluna.it\/news\/wp-json\/wp\/v2\/posts\/352650\/revisions"}],"predecessor-version":[{"id":352671,"href":"https:\/\/www.radioluna.it\/news\/wp-json\/wp\/v2\/posts\/352650\/revisions\/352671"}],"wp:attachment":[{"href":"https:\/\/www.radioluna.it\/news\/wp-json\/wp\/v2\/media?parent=352650"}],"wp:term":[{"taxonomy":"category","embeddable":true,"href":"https:\/\/www.radioluna.it\/news\/wp-json\/wp\/v2\/categories?post=352650"},{"taxonomy":"post_tag","embeddable":true,"href":"https:\/\/www.radioluna.it\/news\/wp-json\/wp\/v2\/tags?post=352650"}],"curies":[{"name":"wp","href":"https:\/\/api.w.org\/{rel}","templated":true}]}}