{"id":352694,"date":"2024-05-19T11:18:06","date_gmt":"2024-05-19T09:18:06","guid":{"rendered":"https:\/\/www.radioluna.it\/news\/?p=352694"},"modified":"2024-05-20T08:06:06","modified_gmt":"2024-05-20T06:06:06","slug":"scuola-e-cinema-il-mio-posto-e-qui-proiezione-e-incontro","status":"publish","type":"post","link":"https:\/\/www.radioluna.it\/news\/2024\/05\/scuola-e-cinema-il-mio-posto-e-qui-proiezione-e-incontro\/","title":{"rendered":"Scuola e cinema, &#8220;Il mio posto \u00e8 qui&#8221;: proiezione e incontro"},"content":{"rendered":"<div id=\"fb-root\"><\/div>\n<p style=\"text-align: justify;\"><strong>LATINA<\/strong> &#8211; Proiezione speciale al cinema Corso di Latina luned\u00ec 20 maggio alle ore 11.00 per i ragazzi del Liceo Artistico Statale \u201cMichelangelo Buonarroti\u201d. L\u2019incontro con il regista Cristiano Bortone, organizzato dalla Prof.ssa Maria Griffo, permetter\u00e0 agli allievi di assistere alla proiezione del film &#8220;Il mio posto \u00e8 qui&#8221; un racconto di emancipazione e coraggio nella Calabria degli anni Quaranta. La sceneggiatura del film \u00e8 tratta dall\u2019omonimo romanzo\u00a0 di Daniela Porto che firma la co-regia. Siamo in un piccolo paese calabrese all\u2019indomani della fine della Seconda Guerra mondiale, i protagonisti sono Marta, ragazza madre promessa in sposa ad un uomo che non ama e Lorenzo, omosessuale conosciuto come \u201cl\u2019organizzatore dei matrimoni\u201d. Siamo nella Calabria rurale del 1946, anno di cambiamento per un\u2019Italia che portava alle urne per la prima volte le donne. Nel paesino della Locride, una donna sola con suo figlio e l\u2019amico omosessuale sfideranno convenzioni patriarcali e ancestrali, pur di realizzare i propri sogni. &#8220;Il mio posto \u00e8 qui&#8221; in punta di piedi affronta tematiche scottanti e apre una riflessione su quel passato che ci lasciamo alle spalle da poco pi\u00f9 di settant&#8217;anni. Solidariet\u00e0, tenacia, ribellione, intelligenza questi e altri i sentimenti messi in campo da Cristiano Bortone e Daniela Porto che incontreranno luned\u00ec 20 maggio alle ore 11.00 i ragazzi del Liceo Artistico Statale \u201cMichelangelo Buonarroti\u201d, il dibattito sar\u00e0 coordinato dalla giornalista Dina Tomezzoli.<\/p>\n<p>&nbsp;<\/p>\n<div class=\"radio-posizionamento-telefono-in-articoli-dopo-il-contenuto-articolo radio-entity-placement\" id=\"radio-61077168\"><div id=\"radio-1109394669\"><a href=\"https:\/\/grupporedi.it\/\" aria-label=\"Redi-Qr\"><img loading=\"lazy\" decoding=\"async\" src=\"https:\/\/www.radioluna.it\/news\/wp-content\/uploads\/2026\/03\/Redi-Qr.jpg\" alt=\"\"  srcset=\"https:\/\/www.radioluna.it\/news\/wp-content\/uploads\/2026\/03\/Redi-Qr.jpg 800w, https:\/\/www.radioluna.it\/news\/wp-content\/uploads\/2026\/03\/Redi-Qr-768x639.jpg 768w\" sizes=\"(max-width: 800px) 100vw, 800px\" width=\"300\" height=\"250\"   \/><\/a><\/div><\/div>","protected":false},"excerpt":{"rendered":"<p>LATINA &#8211; Proiezione speciale al cinema Corso di Latina luned\u00ec 20 maggio alle ore 11.00 per i ragazzi del Liceo Artistico Statale \u201cMichelangelo Buonarroti\u201d. L\u2019incontro con il regista Cristiano Bortone, organizzato dalla Prof.ssa Maria Griffo, permetter\u00e0 agli allievi di assistere alla proiezione del film &#8220;Il mio posto \u00e8 qui&#8221; un racconto di emancipazione e coraggio [&hellip;]<\/p>\n","protected":false},"author":62,"featured_media":352696,"comment_status":"open","ping_status":"open","sticky":false,"template":"","format":"standard","meta":{"footnotes":""},"categories":[16,734],"tags":[],"class_list":["post-352694","post","type-post","status-publish","format-standard","has-post-thumbnail","hentry","category-appuntamenti","category-evidenza"],"_links":{"self":[{"href":"https:\/\/www.radioluna.it\/news\/wp-json\/wp\/v2\/posts\/352694","targetHints":{"allow":["GET"]}}],"collection":[{"href":"https:\/\/www.radioluna.it\/news\/wp-json\/wp\/v2\/posts"}],"about":[{"href":"https:\/\/www.radioluna.it\/news\/wp-json\/wp\/v2\/types\/post"}],"author":[{"embeddable":true,"href":"https:\/\/www.radioluna.it\/news\/wp-json\/wp\/v2\/users\/62"}],"replies":[{"embeddable":true,"href":"https:\/\/www.radioluna.it\/news\/wp-json\/wp\/v2\/comments?post=352694"}],"version-history":[{"count":1,"href":"https:\/\/www.radioluna.it\/news\/wp-json\/wp\/v2\/posts\/352694\/revisions"}],"predecessor-version":[{"id":352697,"href":"https:\/\/www.radioluna.it\/news\/wp-json\/wp\/v2\/posts\/352694\/revisions\/352697"}],"wp:featuredmedia":[{"embeddable":true,"href":"https:\/\/www.radioluna.it\/news\/wp-json\/wp\/v2\/media\/352696"}],"wp:attachment":[{"href":"https:\/\/www.radioluna.it\/news\/wp-json\/wp\/v2\/media?parent=352694"}],"wp:term":[{"taxonomy":"category","embeddable":true,"href":"https:\/\/www.radioluna.it\/news\/wp-json\/wp\/v2\/categories?post=352694"},{"taxonomy":"post_tag","embeddable":true,"href":"https:\/\/www.radioluna.it\/news\/wp-json\/wp\/v2\/tags?post=352694"}],"curies":[{"name":"wp","href":"https:\/\/api.w.org\/{rel}","templated":true}]}}