{"id":352750,"date":"2024-05-20T08:21:08","date_gmt":"2024-05-20T06:21:08","guid":{"rendered":"https:\/\/www.radioluna.it\/news\/?p=352750"},"modified":"2024-05-20T08:21:08","modified_gmt":"2024-05-20T06:21:08","slug":"basket-benacquista-latina-vince-contro-la-luiss-ma-retrocede-in-serie-b","status":"publish","type":"post","link":"https:\/\/www.radioluna.it\/news\/2024\/05\/basket-benacquista-latina-vince-contro-la-luiss-ma-retrocede-in-serie-b\/","title":{"rendered":"Basket, Benacquista Latina vince contro la Luiss, ma retrocede in serie B"},"content":{"rendered":"<div id=\"fb-root\"><\/div>\n<p><em>(foto Benacquista Assicurazioni Latina Basket)<\/em><\/p>\n<p style=\"text-align: justify;\"><strong>LATINA<\/strong> &#8211; Vince ma retrocede in serie B, la Benacquista Assicurazioni Latina Basket. La squadra di Latina diretta da coach Sacco strappa la vittoria nel derby regionale con la Luiss Roma con un canestro a fil di sirena di Samuele Moretti che sancisce il 67-65 finale (con i parziali di 21-9; 40-27; 51-48), ma dovr\u00e0 lasciare comunque la Serie A2. La certezza matematica \u00e8 arrivata dopo la contestuale vittoria di Nard\u00f2 su Cento. I nerazzurri nonostante le numerose sconfitte della fase a orologio avevano portato a casa la chanche di restare in serie A2, opportunit\u00e0 tramontata domenica 19 maggio.<\/p>\n<p style=\"text-align: justify;\">Il prossimo appuntamento \u00e8 per domenica 26 maggio alle ore 18:00\u00a0 nuovamente al Palasport Cisterna di Latina dove i nerazzurri riceveranno la Sella Cento in occasione della sesta giornata della Fase Salvezza.<\/p>\n<p style=\"text-align: justify;\">\n<p>&nbsp;<\/p>\n<p>&nbsp;<\/p>\n<div class=\"radio-posizionamento-telefono-in-articoli-dopo-il-contenuto-articolo radio-entity-placement\" id=\"radio-2345297068\"><div id=\"radio-2513691342\"><a href=\"https:\/\/www.simeoneceramiche.com\/\" aria-label=\"SIMEONE CERAMICHE GIF animata per radioluna_Tavola disegno 1 copia 2 (online-video-cutter.com)\"><img loading=\"lazy\" decoding=\"async\" src=\"https:\/\/www.radioluna.it\/news\/wp-content\/uploads\/2025\/05\/SIMEONE-CERAMICHE-GIF-animata-per-radioluna_Tavola-disegno-1-copia-2-online-video-cutter.com_.gif\" alt=\"\"  width=\"300\" height=\"250\"   \/><\/a><\/div><\/div>","protected":false},"excerpt":{"rendered":"<p>(foto Benacquista Assicurazioni Latina Basket) LATINA &#8211; Vince ma retrocede in serie B, la Benacquista Assicurazioni Latina Basket. La squadra di Latina diretta da coach Sacco strappa la vittoria nel derby regionale con la Luiss Roma con un canestro a fil di sirena di Samuele Moretti che sancisce il 67-65 finale (con i parziali di [&hellip;]<\/p>\n","protected":false},"author":5430,"featured_media":352751,"comment_status":"open","ping_status":"open","sticky":false,"template":"","format":"standard","meta":{"footnotes":""},"categories":[734,17],"tags":[],"class_list":["post-352750","post","type-post","status-publish","format-standard","has-post-thumbnail","hentry","category-evidenza","category-sport"],"_links":{"self":[{"href":"https:\/\/www.radioluna.it\/news\/wp-json\/wp\/v2\/posts\/352750","targetHints":{"allow":["GET"]}}],"collection":[{"href":"https:\/\/www.radioluna.it\/news\/wp-json\/wp\/v2\/posts"}],"about":[{"href":"https:\/\/www.radioluna.it\/news\/wp-json\/wp\/v2\/types\/post"}],"author":[{"embeddable":true,"href":"https:\/\/www.radioluna.it\/news\/wp-json\/wp\/v2\/users\/5430"}],"replies":[{"embeddable":true,"href":"https:\/\/www.radioluna.it\/news\/wp-json\/wp\/v2\/comments?post=352750"}],"version-history":[{"count":1,"href":"https:\/\/www.radioluna.it\/news\/wp-json\/wp\/v2\/posts\/352750\/revisions"}],"predecessor-version":[{"id":352752,"href":"https:\/\/www.radioluna.it\/news\/wp-json\/wp\/v2\/posts\/352750\/revisions\/352752"}],"wp:featuredmedia":[{"embeddable":true,"href":"https:\/\/www.radioluna.it\/news\/wp-json\/wp\/v2\/media\/352751"}],"wp:attachment":[{"href":"https:\/\/www.radioluna.it\/news\/wp-json\/wp\/v2\/media?parent=352750"}],"wp:term":[{"taxonomy":"category","embeddable":true,"href":"https:\/\/www.radioluna.it\/news\/wp-json\/wp\/v2\/categories?post=352750"},{"taxonomy":"post_tag","embeddable":true,"href":"https:\/\/www.radioluna.it\/news\/wp-json\/wp\/v2\/tags?post=352750"}],"curies":[{"name":"wp","href":"https:\/\/api.w.org\/{rel}","templated":true}]}}