{"id":352757,"date":"2024-05-20T09:36:49","date_gmt":"2024-05-20T07:36:49","guid":{"rendered":"https:\/\/www.radioluna.it\/news\/?p=352757"},"modified":"2024-05-21T13:26:14","modified_gmt":"2024-05-21T11:26:14","slug":"fiori-spontanei-e-poesie-la-firma-di-tommaso-colucci-nelle-fioriere-pubbliche-di-latina","status":"publish","type":"post","link":"https:\/\/www.radioluna.it\/news\/2024\/05\/fiori-spontanei-e-poesie-la-firma-di-tommaso-colucci-nelle-fioriere-pubbliche-di-latina\/","title":{"rendered":"Fiori spontanei e poesie la firma di Tommaso Colucci nelle fioriere pubbliche di Latina"},"content":{"rendered":"<div id=\"fb-root\"><\/div>\n<p>(foto di Marcello Scopelliti)<\/p>\n<p style=\"text-align: justify;\"><strong>LATINA &#8211; <\/strong>A Latina c&#8217;\u00e8 un cittadino che si occupa di abbellire le fiorire pubbliche e lo fa ormai da un lustro. Un volontario per passione che si chiama Tommaso Colucci. Raccoglie in un suo terreno a Cori piante spontanee e le travasa nel capoluogo, lasciando anche piccoli avvisi, frasi e poesie per i passanti. La sua attivit\u00e0 \u00e8 cominciata a giugno del 2016 in occasione di un evento pubblico che si \u00e8 tenuto nei giardini di Palazzo M (poi risistemati grazie ad un finanziamento ministeriale). I cittadini quel giorno piantarono fiori nelle fioriere dell&#8217;edificio storico, un&#8217;iniziativa estemporanea che Colucci ha deciso poi di replicare e di rendere ufficiale firmando nel 2019 un Patto di collaborazione con il Comune.<\/p>\n<p style=\"text-align: justify;\">Sempre servendosi di piante spontanee, come la malva o il verbascum,\u00a0 perch\u00e9 sono le uniche capaci di resistere anche se non innaffiate e curate assiduamente, ha cominciato ad abbellire la fioriera di Via Oreste Leonardi, tra mercato e teatro, poi quella delle ex autolinee in Via Pio VI, quindi si \u00e8 preso cura dell&#8217;aiuola fiorita del Giardino della Vita di Via Tuscolo. E&#8217; nata cos\u00ec anche la collaborazione con l&#8217;associazione Diaphor\u00e0 di Latina, dove si occupa dell&#8217;aiuola fiorita. Si sono poi aggiunti gli spazi di Piazza del Popolo &#8211; Via Duca del Mare e di Viale Kennedy dove \u00e8 aiutato dai residenti.<\/p>\n<p>L&#8217;impegno di Colucci \u00e8 stato raccontato altre volte, e proprio in questi giorni qualcuno lo ha ringraziato sui social. Nel 2024 sono cinque anni dalla formalizzazione del suo impegno e vale sempre la pena di farlo notare se a qualcuno fosse sfuggito.<\/p>\n<p style=\"text-align: justify;\">\n<div class=\"radio-posizionamento-telefono-in-articoli-dopo-il-contenuto-articolo radio-entity-placement\" id=\"radio-658497799\"><div id=\"radio-1966480875\"><a href=\"https:\/\/grupporedi.it\/\" aria-label=\"Redi-Qr\"><img loading=\"lazy\" decoding=\"async\" src=\"https:\/\/www.radioluna.it\/news\/wp-content\/uploads\/2026\/03\/Redi-Qr.jpg\" alt=\"\"  srcset=\"https:\/\/www.radioluna.it\/news\/wp-content\/uploads\/2026\/03\/Redi-Qr.jpg 800w, https:\/\/www.radioluna.it\/news\/wp-content\/uploads\/2026\/03\/Redi-Qr-768x639.jpg 768w\" sizes=\"(max-width: 800px) 100vw, 800px\" width=\"300\" height=\"250\"   \/><\/a><\/div><\/div>","protected":false},"excerpt":{"rendered":"<p>(foto di Marcello Scopelliti) LATINA &#8211; A Latina c&#8217;\u00e8 un cittadino che si occupa di abbellire le fiorire pubbliche e lo fa ormai da un lustro. Un volontario per passione che si chiama Tommaso Colucci. Raccoglie in un suo terreno a Cori piante spontanee e le travasa nel capoluogo, lasciando anche piccoli avvisi, frasi e [&hellip;]<\/p>\n","protected":false},"author":62,"featured_media":352758,"comment_status":"open","ping_status":"open","sticky":false,"template":"","format":"standard","meta":{"footnotes":""},"categories":[735,734],"tags":[],"class_list":["post-352757","post","type-post","status-publish","format-standard","has-post-thumbnail","hentry","category-attualita","category-evidenza"],"_links":{"self":[{"href":"https:\/\/www.radioluna.it\/news\/wp-json\/wp\/v2\/posts\/352757","targetHints":{"allow":["GET"]}}],"collection":[{"href":"https:\/\/www.radioluna.it\/news\/wp-json\/wp\/v2\/posts"}],"about":[{"href":"https:\/\/www.radioluna.it\/news\/wp-json\/wp\/v2\/types\/post"}],"author":[{"embeddable":true,"href":"https:\/\/www.radioluna.it\/news\/wp-json\/wp\/v2\/users\/62"}],"replies":[{"embeddable":true,"href":"https:\/\/www.radioluna.it\/news\/wp-json\/wp\/v2\/comments?post=352757"}],"version-history":[{"count":2,"href":"https:\/\/www.radioluna.it\/news\/wp-json\/wp\/v2\/posts\/352757\/revisions"}],"predecessor-version":[{"id":352760,"href":"https:\/\/www.radioluna.it\/news\/wp-json\/wp\/v2\/posts\/352757\/revisions\/352760"}],"wp:featuredmedia":[{"embeddable":true,"href":"https:\/\/www.radioluna.it\/news\/wp-json\/wp\/v2\/media\/352758"}],"wp:attachment":[{"href":"https:\/\/www.radioluna.it\/news\/wp-json\/wp\/v2\/media?parent=352757"}],"wp:term":[{"taxonomy":"category","embeddable":true,"href":"https:\/\/www.radioluna.it\/news\/wp-json\/wp\/v2\/categories?post=352757"},{"taxonomy":"post_tag","embeddable":true,"href":"https:\/\/www.radioluna.it\/news\/wp-json\/wp\/v2\/tags?post=352757"}],"curies":[{"name":"wp","href":"https:\/\/api.w.org\/{rel}","templated":true}]}}