{"id":352999,"date":"2024-05-24T08:27:46","date_gmt":"2024-05-24T06:27:46","guid":{"rendered":"https:\/\/www.radioluna.it\/news\/?p=352999"},"modified":"2024-05-24T09:24:51","modified_gmt":"2024-05-24T07:24:51","slug":"europee-stefanelli-alle-1130-su-radio-immagine","status":"publish","type":"post","link":"https:\/\/www.radioluna.it\/news\/2024\/05\/europee-stefanelli-alle-1130-su-radio-immagine\/","title":{"rendered":"Europee, Stefanelli alle 11,30 su Radio Immagine"},"content":{"rendered":"<div id=\"fb-root\"><\/div>\n<p style=\"text-align: justify;\"><strong>LATINA<\/strong> &#8211; Prosegue il giro di interviste per conoscere i candidati pontini alle elezioni europee dell\u20198 e 9 maggio,\u00a0 e oggi, venerd\u00ec 24 maggio alle 11,30 sar\u00e0 in diretta su Radio Immagine il sindaco di Minturno e presidente della Provincia di Latina, Gerardo Stefanelli candidato con la lista Stati Uniti D&#8217;Europa.<\/p>\n<p style=\"text-align: justify;\">Stefanelli sar\u00e0 poi a Roma al Cinema Adriano per Stati Uniti d\u2019Europa con il leader di Italia Viva Matteo Renzi. Dopo l\u2019appuntamento della Leopolda, in cui Stefanelli aveva raccontato la storia della maestra Debora, adesso \u00e8 il momento di un altro appuntamento importante, che sancisce il legame del sindaco pontino con Italia Viva.<img loading=\"lazy\" decoding=\"async\" class=\" wp-image-353015 alignright\" src=\"https:\/\/www.radioluna.it\/news\/wp-content\/uploads\/2024\/05\/stefanelli-con-renzi-e-tidei.jpg\" alt=\"\" width=\"258\" height=\"275\" \/><br \/>\n\u201cPer la prima volta parler\u00f2 dal palco di Roma, accanto a Matteo Renzi e Marietta Tidei, del nostro progetto europeo, del programma di Stati Uniti d\u2019Europa e di una politica concreta, vicina ai territori e ai reali obiettivi del nostro Paese. Questo cammino verso l\u2019Europa mi ha dato la possibilit\u00e0 di visitare i luoghi della nostra circoscrizione e scoprire una voce moderata e liberale, che chiede suoi rappresentanti\u201d<br \/>\nIn queste settimane, infatti, Gerardo Stefanelli, candidato nella circoscrizione Centro, ha girato nella provincia pontina, dove negli ultimi due anni da Presidente ha consolidato la sua presenza e dimostrato di essere un amministratore capace. La sua campagna si \u00e8 estesa oltre i confini locali, toccando varie tappe nel Lazio fino alle Marche.<br \/>\n\u201cNel momento in cui la destra grida a meno Europa, noi siamo sempre pi\u00f9 convinti che solo il ripristino della centralit\u00e0 dell\u2019Unione pu\u00f2 permetterci di competere in ambito internazionale. Per questo \u00e8 importante votare chi realmente andr\u00e0 in Europa e l\u00ec vorr\u00e0 costruire un unico stato: quello degli Stati Uniti d\u2019Europa.\u201d<\/p>\n<div class=\"radio-posizionamento-telefono-in-articoli-dopo-il-contenuto-articolo radio-entity-placement\" id=\"radio-3907055606\"><div id=\"radio-563584940\"><a href=\"https:\/\/www.simeoneceramiche.com\/\" aria-label=\"SIMEONE CERAMICHE GIF animata per radioluna_Tavola disegno 1 copia 2 (online-video-cutter.com)\"><img loading=\"lazy\" decoding=\"async\" src=\"https:\/\/www.radioluna.it\/news\/wp-content\/uploads\/2025\/05\/SIMEONE-CERAMICHE-GIF-animata-per-radioluna_Tavola-disegno-1-copia-2-online-video-cutter.com_.gif\" alt=\"\"  width=\"300\" height=\"250\"   \/><\/a><\/div><\/div>","protected":false},"excerpt":{"rendered":"<p>LATINA &#8211; Prosegue il giro di interviste per conoscere i candidati pontini alle elezioni europee dell\u20198 e 9 maggio,\u00a0 e oggi, venerd\u00ec 24 maggio alle 11,30 sar\u00e0 in diretta su Radio Immagine il sindaco di Minturno e presidente della Provincia di Latina, Gerardo Stefanelli candidato con la lista Stati Uniti D&#8217;Europa. Stefanelli sar\u00e0 poi a [&hellip;]<\/p>\n","protected":false},"author":60,"featured_media":353016,"comment_status":"open","ping_status":"open","sticky":false,"template":"","format":"standard","meta":{"footnotes":""},"categories":[8],"tags":[],"class_list":["post-352999","post","type-post","status-publish","format-standard","has-post-thumbnail","hentry","category-politica"],"_links":{"self":[{"href":"https:\/\/www.radioluna.it\/news\/wp-json\/wp\/v2\/posts\/352999","targetHints":{"allow":["GET"]}}],"collection":[{"href":"https:\/\/www.radioluna.it\/news\/wp-json\/wp\/v2\/posts"}],"about":[{"href":"https:\/\/www.radioluna.it\/news\/wp-json\/wp\/v2\/types\/post"}],"author":[{"embeddable":true,"href":"https:\/\/www.radioluna.it\/news\/wp-json\/wp\/v2\/users\/60"}],"replies":[{"embeddable":true,"href":"https:\/\/www.radioluna.it\/news\/wp-json\/wp\/v2\/comments?post=352999"}],"version-history":[{"count":1,"href":"https:\/\/www.radioluna.it\/news\/wp-json\/wp\/v2\/posts\/352999\/revisions"}],"predecessor-version":[{"id":353017,"href":"https:\/\/www.radioluna.it\/news\/wp-json\/wp\/v2\/posts\/352999\/revisions\/353017"}],"wp:featuredmedia":[{"embeddable":true,"href":"https:\/\/www.radioluna.it\/news\/wp-json\/wp\/v2\/media\/353016"}],"wp:attachment":[{"href":"https:\/\/www.radioluna.it\/news\/wp-json\/wp\/v2\/media?parent=352999"}],"wp:term":[{"taxonomy":"category","embeddable":true,"href":"https:\/\/www.radioluna.it\/news\/wp-json\/wp\/v2\/categories?post=352999"},{"taxonomy":"post_tag","embeddable":true,"href":"https:\/\/www.radioluna.it\/news\/wp-json\/wp\/v2\/tags?post=352999"}],"curies":[{"name":"wp","href":"https:\/\/api.w.org\/{rel}","templated":true}]}}