{"id":353173,"date":"2024-05-27T12:35:01","date_gmt":"2024-05-27T10:35:01","guid":{"rendered":"https:\/\/www.radioluna.it\/news\/?p=353173"},"modified":"2024-05-28T10:53:24","modified_gmt":"2024-05-28T08:53:24","slug":"unicef-celebra-a-latina-i-50-anni-il-capoluogo-scelto-per-levento-regionale","status":"publish","type":"post","link":"https:\/\/www.radioluna.it\/news\/2024\/05\/unicef-celebra-a-latina-i-50-anni-il-capoluogo-scelto-per-levento-regionale\/","title":{"rendered":"Unicef celebra a Latina i 50 anni, il capoluogo scelto per l&#8217;evento regionale"},"content":{"rendered":"<div id=\"fb-root\"><\/div>\n<p><img loading=\"lazy\" decoding=\"async\" class=\"alignnone size-full wp-image-353175\" src=\"https:\/\/www.radioluna.it\/news\/wp-content\/uploads\/2024\/05\/WhatsApp-Image-2024-05-27-at-11.27.27.jpeg\" alt=\"\" width=\"1920\" height=\"1440\" srcset=\"https:\/\/www.radioluna.it\/news\/wp-content\/uploads\/2024\/05\/WhatsApp-Image-2024-05-27-at-11.27.27.jpeg 1920w, https:\/\/www.radioluna.it\/news\/wp-content\/uploads\/2024\/05\/WhatsApp-Image-2024-05-27-at-11.27.27-768x576.jpeg 768w, https:\/\/www.radioluna.it\/news\/wp-content\/uploads\/2024\/05\/WhatsApp-Image-2024-05-27-at-11.27.27-1536x1152.jpeg 1536w\" sizes=\"auto, (max-width: 1920px) 100vw, 1920px\" \/><\/p>\n<p style=\"text-align: justify;\"><strong>LATINA &#8211;\u00a0 \u00a0<\/strong>Latina ospiter\u00e0\u00a0 le celebrazioni per il 50\u00b0 anniversario di Unicef Italia. Il capoluogo pontino \u00e8 stato infatti scelto come citt\u00e0 ospitante dell&#8217;evento regionale del Lazio in programma il 31 maggio prossimo quando, dalle 9 alle 13, sar\u00e0 inaugurata nel Museo Cambellotti la mostra fotografica dell&#8217;inviato e fotoreporter della Rai Gianmarco Sicuro dal titolo &#8220;Can you smile for me? L&#8217;infanzia sperduta&#8221; e a seguire la Marcia dei Diritti che vedr\u00e0 impegnati circa 300 bambini delle scuole di Latina che si muoveranno da piazza San Marco a Piazza del Popolo dove si terranno laboratori ludico sportivi per bambini.<\/p>\n<p style=\"text-align: justify;\">&#8220;Si tratta di scatti che ritraggono l&#8217;infanzia straziata, incontrata dal giornalista in vari paesi del mondo, donata all&#8217;UNICEF per sostenere i progetti a favore della sopravvivenza e dello sviluppo di bambini e adolescenti&#8221;, ha spiegato la presidente del comitato provinciale Michela Verga.\u00a0 Il focus principale riguarda Afghanistan e Ucraina.<\/p>\n<p>Soddisfazione \u00e8 stata espressa dalla sindaca di Latina Matilde Celentano per la scelta di Latina come sede delle celebrazioni del cinquantennale<\/p>\n<audio class=\"wp-audio-shortcode\" id=\"audio-353173-1\" preload=\"none\" style=\"width: 100%;\" controls=\"controls\"><source type=\"audio\/mpeg\" src=\"https:\/\/www.radioluna.it\/news\/wp-content\/uploads\/2024\/05\/celentano-unicef.mp3?_=1\" \/><a href=\"https:\/\/www.radioluna.it\/news\/wp-content\/uploads\/2024\/05\/celentano-unicef.mp3\">https:\/\/www.radioluna.it\/news\/wp-content\/uploads\/2024\/05\/celentano-unicef.mp3<\/a><\/audio>\n<p>&#8220;Sar\u00e0 una bellissima festa&#8221;,\u00a0 assicura la presidente Verga, sottolineando l&#8217;abbraccio corale dato da molto realt\u00e0 associative di Latina<\/p>\n<audio class=\"wp-audio-shortcode\" id=\"audio-353173-2\" preload=\"none\" style=\"width: 100%;\" controls=\"controls\"><source type=\"audio\/mpeg\" src=\"https:\/\/www.radioluna.it\/news\/wp-content\/uploads\/2024\/05\/michela-verga-unicef.mp3?_=2\" \/><a href=\"https:\/\/www.radioluna.it\/news\/wp-content\/uploads\/2024\/05\/michela-verga-unicef.mp3\">https:\/\/www.radioluna.it\/news\/wp-content\/uploads\/2024\/05\/michela-verga-unicef.mp3<\/a><\/audio>\n<p style=\"text-align: justify;\">Chiunque pu\u00f2 sostenere Unicef acquistando i suoi gadget che saranno in esposizione nei negozi del centro storico grazie alla collaborazione di Confesercenti\u00a0 \u00a0o adottando una Pigotta, una delle bambole fatte a mano con lo scopo di raccogliere fondi per importanti cause che riguardano bambini di tutto il mondo.<\/p>\n","protected":false},"excerpt":{"rendered":"<p>LATINA &#8211;\u00a0 \u00a0Latina ospiter\u00e0\u00a0 le celebrazioni per il 50\u00b0 anniversario di Unicef Italia. Il capoluogo pontino \u00e8 stato infatti scelto come citt\u00e0 ospitante dell&#8217;evento regionale del Lazio in programma il 31 maggio prossimo quando, dalle 9 alle 13, sar\u00e0 inaugurata nel Museo Cambellotti la mostra fotografica dell&#8217;inviato e fotoreporter della Rai Gianmarco Sicuro dal titolo [&hellip;]<\/p>\n","protected":false},"author":62,"featured_media":353176,"comment_status":"open","ping_status":"open","sticky":false,"template":"","format":"standard","meta":{"footnotes":""},"categories":[735,2310,734],"tags":[],"class_list":["post-353173","post","type-post","status-publish","format-standard","has-post-thumbnail","hentry","category-attualita","category-audio","category-evidenza"],"_links":{"self":[{"href":"https:\/\/www.radioluna.it\/news\/wp-json\/wp\/v2\/posts\/353173","targetHints":{"allow":["GET"]}}],"collection":[{"href":"https:\/\/www.radioluna.it\/news\/wp-json\/wp\/v2\/posts"}],"about":[{"href":"https:\/\/www.radioluna.it\/news\/wp-json\/wp\/v2\/types\/post"}],"author":[{"embeddable":true,"href":"https:\/\/www.radioluna.it\/news\/wp-json\/wp\/v2\/users\/62"}],"replies":[{"embeddable":true,"href":"https:\/\/www.radioluna.it\/news\/wp-json\/wp\/v2\/comments?post=353173"}],"version-history":[{"count":1,"href":"https:\/\/www.radioluna.it\/news\/wp-json\/wp\/v2\/posts\/353173\/revisions"}],"predecessor-version":[{"id":353179,"href":"https:\/\/www.radioluna.it\/news\/wp-json\/wp\/v2\/posts\/353173\/revisions\/353179"}],"wp:featuredmedia":[{"embeddable":true,"href":"https:\/\/www.radioluna.it\/news\/wp-json\/wp\/v2\/media\/353176"}],"wp:attachment":[{"href":"https:\/\/www.radioluna.it\/news\/wp-json\/wp\/v2\/media?parent=353173"}],"wp:term":[{"taxonomy":"category","embeddable":true,"href":"https:\/\/www.radioluna.it\/news\/wp-json\/wp\/v2\/categories?post=353173"},{"taxonomy":"post_tag","embeddable":true,"href":"https:\/\/www.radioluna.it\/news\/wp-json\/wp\/v2\/tags?post=353173"}],"curies":[{"name":"wp","href":"https:\/\/api.w.org\/{rel}","templated":true}]}}