{"id":353467,"date":"2024-05-31T09:36:26","date_gmt":"2024-05-31T07:36:26","guid":{"rendered":"https:\/\/www.radioluna.it\/news\/?p=353467"},"modified":"2024-05-31T09:36:26","modified_gmt":"2024-05-31T07:36:26","slug":"ex-banca-ditalia-e-ruspi-alla-sapienza-plauso-di-unindustria-latina","status":"publish","type":"post","link":"https:\/\/www.radioluna.it\/news\/2024\/05\/ex-banca-ditalia-e-ruspi-alla-sapienza-plauso-di-unindustria-latina\/","title":{"rendered":"Ex Banca d&#8217;Italia e Ruspi alla Sapienza, plauso di Unindustria Latina"},"content":{"rendered":"<div id=\"fb-root\"><\/div>\n<p style=\"text-align: justify;\"><strong>LATINA<\/strong> &#8211; \u201cUn accordo molto importante per il nostro territorio, quello siglato tra il Comune di Latina e l\u2019Universit\u00e0 La Sapienza per la concessione in uso dell\u2019ex Banca d\u2019Italia e del Garage Ruspi. Una concessione che permetter\u00e0 all\u2019Universit\u00e0 di ampliare l\u2019offerta formativa su Latina, dando cos\u00ec la possibilit\u00e0 a molti pi\u00f9 giovani di poter studiare sul loro territorio senza dover migrare altrove ed inoltre di attrarre anche ragazzi da fuori che possano scegliere Latina come citt\u00e0 per i loro studi\u201d.<\/p>\n<p style=\"text-align: justify;\">E\u2019 quanto dichiara il Presidente di Unindustria Latina Pierpaolo Pontecorvo in merito all\u2019accordo siglato nei giorni scorsi tra Comune e Universit\u00e0 per la concessione dei due importanti immobili. Accordo che non ha mancato di suscitare anche disapprovazione tra le forze politiche di opposizione che nella scorsa consiliatura avevano lavorato all&#8217;acquisto della ex Banca d&#8217;Italia, poi formalizzato dalla giunta Celentano, e avviato i lavori di riqualificazione dell&#8217;ex garage di Largo Giovanni XXXIII, che, nel progetto dell&#8217;architetto\u00a0 Cupelloni, era destinato a centro espositivo.\u00a0 Critiche sono giunte anche dall&#8217;ex assessore della giunta Zaccheo, Maurizio Guercio e dal mondo della cultura.<\/p>\n<p style=\"text-align: justify;\">Gioved\u00ec 30 maggio, giorno in cui la commissione Trasparenza guidata dalla presidente Floriana Coletta ha svolto un sopralluogo nell&#8217;edificio ex Ruspi, \u00e8 arrivata anche la posizione di Unindustria Latina.<\/p>\n<p style=\"text-align: justify;\">\u201cCon tale accordo \u2013 sottolinea Pontecorvo \u2013 non soltanto queste strutture potranno essere utilizzate nuovamente, ma si creeranno sicuramente anche nuove opportunit\u00e0 per il centro storico, sia dal punto di vista sociale che urbanistico. Unindustria, particolarmente attenta alla formazione delle nuove generazioni, auspica che con l\u2019incremento dell\u2019offerta formativa sul territorio anche numerose aziende che oggi faticano a reperire personale specializzato possano avere un nuovo bacino a cui attingere, creando cos\u00ec occupazione e sviluppo economico per la citt\u00e0 e per la provincia di Latina Ci rendiamo disponibili sia con il Comune che con l\u2019Universit\u00e0 per pianificare eventuali altri percorsi di studio che vadano ad ampliare l\u2019offerta formativo su Latina; sia percorsi post laurea per soddisfare esigenze specifiche delle aziende del territorio, con particolare riferimento al chimico-farmaceutico, agroalimentare e meccatronico\u201d.<\/p>\n","protected":false},"excerpt":{"rendered":"<p>LATINA &#8211; \u201cUn accordo molto importante per il nostro territorio, quello siglato tra il Comune di Latina e l\u2019Universit\u00e0 La Sapienza per la concessione in uso dell\u2019ex Banca d\u2019Italia e del Garage Ruspi. Una concessione che permetter\u00e0 all\u2019Universit\u00e0 di ampliare l\u2019offerta formativa su Latina, dando cos\u00ec la possibilit\u00e0 a molti pi\u00f9 giovani di poter studiare [&hellip;]<\/p>\n","protected":false},"author":62,"featured_media":0,"comment_status":"open","ping_status":"open","sticky":false,"template":"","format":"standard","meta":{"footnotes":""},"categories":[7,2428],"tags":[],"class_list":["post-353467","post","type-post","status-publish","format-standard","hentry","category-cronaca","category-primo-piano"],"_links":{"self":[{"href":"https:\/\/www.radioluna.it\/news\/wp-json\/wp\/v2\/posts\/353467","targetHints":{"allow":["GET"]}}],"collection":[{"href":"https:\/\/www.radioluna.it\/news\/wp-json\/wp\/v2\/posts"}],"about":[{"href":"https:\/\/www.radioluna.it\/news\/wp-json\/wp\/v2\/types\/post"}],"author":[{"embeddable":true,"href":"https:\/\/www.radioluna.it\/news\/wp-json\/wp\/v2\/users\/62"}],"replies":[{"embeddable":true,"href":"https:\/\/www.radioluna.it\/news\/wp-json\/wp\/v2\/comments?post=353467"}],"version-history":[{"count":1,"href":"https:\/\/www.radioluna.it\/news\/wp-json\/wp\/v2\/posts\/353467\/revisions"}],"predecessor-version":[{"id":353468,"href":"https:\/\/www.radioluna.it\/news\/wp-json\/wp\/v2\/posts\/353467\/revisions\/353468"}],"wp:attachment":[{"href":"https:\/\/www.radioluna.it\/news\/wp-json\/wp\/v2\/media?parent=353467"}],"wp:term":[{"taxonomy":"category","embeddable":true,"href":"https:\/\/www.radioluna.it\/news\/wp-json\/wp\/v2\/categories?post=353467"},{"taxonomy":"post_tag","embeddable":true,"href":"https:\/\/www.radioluna.it\/news\/wp-json\/wp\/v2\/tags?post=353467"}],"curies":[{"name":"wp","href":"https:\/\/api.w.org\/{rel}","templated":true}]}}