{"id":353470,"date":"2024-05-31T10:31:20","date_gmt":"2024-05-31T08:31:20","guid":{"rendered":"https:\/\/www.radioluna.it\/news\/?p=353470"},"modified":"2024-05-31T10:31:20","modified_gmt":"2024-05-31T08:31:20","slug":"sezze-un-asilo-nido-al-posto-del-centro-anziani-con-un-milione-del-pnrr","status":"publish","type":"post","link":"https:\/\/www.radioluna.it\/news\/2024\/05\/sezze-un-asilo-nido-al-posto-del-centro-anziani-con-un-milione-del-pnrr\/","title":{"rendered":"Sezze, un asilo nido al posto del Centro Anziani con un milione del Pnrr"},"content":{"rendered":"<div id=\"fb-root\"><\/div>\n<p style=\"text-align: justify;\"><strong>SEZZE<\/strong> &#8211;\u00a0\u00c8 di poco pi\u00f9 di un milione di euro il finanziamento del Pnrr di cui potr\u00e0 disporre il Comune di Sezze per la realizzazione di un nuovo asilo nido. A darne notizia \u00e8 il sindaco, Lidano Lucidi.<\/p>\n<p style=\"text-align: justify;\">\u201cIl progetto di cui presto conosceremo i dettagli \u2013 ha spiegato il primo cittadino di Sezze \u2013 prevede la demolizione e ricostruzione dell\u2019edificio attualmente adibito a Centro Anziani, situato in via Puglie, per trasformarlo in una struttura moderna ed efficiente destinata a ospitare 42 bambini nella fascia d\u2019et\u00e0 0-2 anni. Questa operazione non solo risponder\u00e0 alla carenza di posti asilo nel territorio di Sezze Scalo, ma contribuir\u00e0 anche al rinnovamento del patrimonio edilizio comunale e al miglioramento dell&#8217;efficienza energetica degli edifici pubblici, in linea con gli standard Nearly Zero-Energy Building\u201d. L&#8217;intervento mira a fornire un servizio essenziale per le famiglie di Sezze Scalo, garantendo al contempo il rispetto dei criteri di sostenibilit\u00e0 ambientale, mentre la struttura sar\u00e0 progettata per essere completamente accessibile e adatta a ospitare soggetti con disabilit\u00e0, assicurando inclusivit\u00e0 e parit\u00e0 di accesso per tutti i bambini: \u201cL\u2019opportunit\u00e0 di poter dotare la citt\u00e0 di un secondo asilo nido \u2013 ha proseguito il sindaco Lucidi \u2013 ci permetter\u00e0 una migliore gestione dei figli di persone che lavorano fuori da Sezze e che possono usufruire di un servizio non avendo alcun disagio nel trasporto dei loro bambini. Sezze scalo, da questo punto di vista, diventa sempre pi\u00f9 strategico\u201d.<\/p>\n<p style=\"text-align: justify;\">\n","protected":false},"excerpt":{"rendered":"<p>SEZZE &#8211;\u00a0\u00c8 di poco pi\u00f9 di un milione di euro il finanziamento del Pnrr di cui potr\u00e0 disporre il Comune di Sezze per la realizzazione di un nuovo asilo nido. A darne notizia \u00e8 il sindaco, Lidano Lucidi. \u201cIl progetto di cui presto conosceremo i dettagli \u2013 ha spiegato il primo cittadino di Sezze \u2013 [&hellip;]<\/p>\n","protected":false},"author":60,"featured_media":0,"comment_status":"open","ping_status":"open","sticky":false,"template":"","format":"standard","meta":{"footnotes":""},"categories":[735,2428],"tags":[],"class_list":["post-353470","post","type-post","status-publish","format-standard","hentry","category-attualita","category-primo-piano"],"_links":{"self":[{"href":"https:\/\/www.radioluna.it\/news\/wp-json\/wp\/v2\/posts\/353470","targetHints":{"allow":["GET"]}}],"collection":[{"href":"https:\/\/www.radioluna.it\/news\/wp-json\/wp\/v2\/posts"}],"about":[{"href":"https:\/\/www.radioluna.it\/news\/wp-json\/wp\/v2\/types\/post"}],"author":[{"embeddable":true,"href":"https:\/\/www.radioluna.it\/news\/wp-json\/wp\/v2\/users\/60"}],"replies":[{"embeddable":true,"href":"https:\/\/www.radioluna.it\/news\/wp-json\/wp\/v2\/comments?post=353470"}],"version-history":[{"count":1,"href":"https:\/\/www.radioluna.it\/news\/wp-json\/wp\/v2\/posts\/353470\/revisions"}],"predecessor-version":[{"id":353471,"href":"https:\/\/www.radioluna.it\/news\/wp-json\/wp\/v2\/posts\/353470\/revisions\/353471"}],"wp:attachment":[{"href":"https:\/\/www.radioluna.it\/news\/wp-json\/wp\/v2\/media?parent=353470"}],"wp:term":[{"taxonomy":"category","embeddable":true,"href":"https:\/\/www.radioluna.it\/news\/wp-json\/wp\/v2\/categories?post=353470"},{"taxonomy":"post_tag","embeddable":true,"href":"https:\/\/www.radioluna.it\/news\/wp-json\/wp\/v2\/tags?post=353470"}],"curies":[{"name":"wp","href":"https:\/\/api.w.org\/{rel}","templated":true}]}}