{"id":353476,"date":"2024-05-31T11:25:17","date_gmt":"2024-05-31T09:25:17","guid":{"rendered":"https:\/\/www.radioluna.it\/news\/?p=353476"},"modified":"2024-06-03T12:01:45","modified_gmt":"2024-06-03T10:01:45","slug":"contro-le-mafie-inaugurato-il-rinato-presidio-di-libera-latina-intitolato-a-lia-pipitone","status":"publish","type":"post","link":"https:\/\/www.radioluna.it\/news\/2024\/05\/contro-le-mafie-inaugurato-il-rinato-presidio-di-libera-latina-intitolato-a-lia-pipitone\/","title":{"rendered":"Contro le mafie, inaugurato il rinato presidio di Libera Latina intitolato a Lia Pipitone"},"content":{"rendered":"<div id=\"fb-root\"><\/div>\n<p style=\"text-align: justify;\"><strong>LATINA &#8211;\u00a0 <\/strong>In tanti gioved\u00ec pomeriggio a Latinad\u2019Amare in viale XVIII Dicembre per la ricostituzione del presidio di Libera contro le mafie. \u201cBelle persone, ragazzi e ragazze, associazioni e sindacati alla assemblea di (ri)nascita del Presidio di Libera Latina intitolato a Lia Pipitone&#8221;,\u00a0 sottolinea Giampiero Cioffredi che \u00e8 il responsabile regionale dell\u2019associazione guidata da Don Ciotti e gi\u00e0 presidente dell\u2019Osservatorio per la Legalit\u00e0 del Lazio, intervenuto all\u2019appuntamento. &#8220;Contro mafie e corruzione\u00a0 &#8211; afferma\u00a0 Cioffredi\u00a0 &#8211; costruiamo il noi affermando i valori di legalit\u00e0, responsabilit\u00e0 e giustizia sociale&#8221;.<\/p>\n<p style=\"text-align: justify;\">La ricostituzione \u00e8 stata promossa da otto diverse realt\u00e0: Primavera di Legalit\u00e0, Cgil Frosinone Latina, Rete degli Studenti Medi, Articolo 21, Legambiente, Quartieri Connessi, Le Cordicelle e Agesci Zona Pontina. &#8220;Sospesa&#8221; per qualche anno, l&#8217;attivit\u00e0 del presidio di Latina di Libera Latina, era stata per anni punto di riferimento contribuendo a creare una sensibilit\u00e0 sul tema della criminalit\u00e0 organizzata e del bisogno di legalit\u00e0 a tutti i livelli, arrivando a denunciare commistioni malate. Anche per questa ragione Latina nel 2014, dieci anni fa, era stata sede prescelta della marcia dei 100mila in occasione della 19\u00b0 edizione della Giornata della memoria e dell&#8217;impegno in ricordo delle vittime innocenti della criminalit\u00e0 organizzata che si era tenuta nel capoluogo pontino alla presenza di Don Ciotti, dell&#8217;allora\u00a0 presidente del Senato Grasso e del procuratore Caselli.\u00a0 Il filo non si era mai interrotto anche se il presidio di Libera, allora a Borgo Sabotino, aveva chiuso.<\/p>\n<p style=\"text-align: justify;\">Ora \u00e8 il momento della rinascita: &#8221; Latina Rinasce Libera, a Latinadamare una sala gremita e una grandissima palpabile emozione. Quartieri Connessi ha firmato per il presidio di Libera a Latina insieme alle altre associazioni &#8211; dicono dalla realt\u00e0 civica impegnata particolarmente per Nuova Latina e Nascosa\u00a0 &#8211; Grazie di questa opportunit\u00e0 che vede associazioni territoriali vicine ad associazioni nazionali, unirsi in Libera per costruire anche a Latina una rete contro tutte le mafie&#8221;.<\/p>\n<p style=\"text-align: justify;\">I promotori\u00a0 non hanno voluto attendere che fosse pronta una sede per riunirsi sotto la bandiera gialla, arancione e fucsia: &#8220;Servir\u00e0 ancora pazienza, tempo e organizzazione&#8221;, ma \u00e8 gi\u00e0 &#8220;una piccola pagina di storia per la citt\u00e0&#8221;, dicono.<\/p>\n","protected":false},"excerpt":{"rendered":"<p>LATINA &#8211;\u00a0 In tanti gioved\u00ec pomeriggio a Latinad\u2019Amare in viale XVIII Dicembre per la ricostituzione del presidio di Libera contro le mafie. \u201cBelle persone, ragazzi e ragazze, associazioni e sindacati alla assemblea di (ri)nascita del Presidio di Libera Latina intitolato a Lia Pipitone&#8221;,\u00a0 sottolinea Giampiero Cioffredi che \u00e8 il responsabile regionale dell\u2019associazione guidata da Don [&hellip;]<\/p>\n","protected":false},"author":62,"featured_media":353477,"comment_status":"open","ping_status":"open","sticky":false,"template":"","format":"standard","meta":{"footnotes":""},"categories":[7],"tags":[],"class_list":["post-353476","post","type-post","status-publish","format-standard","has-post-thumbnail","hentry","category-cronaca"],"_links":{"self":[{"href":"https:\/\/www.radioluna.it\/news\/wp-json\/wp\/v2\/posts\/353476","targetHints":{"allow":["GET"]}}],"collection":[{"href":"https:\/\/www.radioluna.it\/news\/wp-json\/wp\/v2\/posts"}],"about":[{"href":"https:\/\/www.radioluna.it\/news\/wp-json\/wp\/v2\/types\/post"}],"author":[{"embeddable":true,"href":"https:\/\/www.radioluna.it\/news\/wp-json\/wp\/v2\/users\/62"}],"replies":[{"embeddable":true,"href":"https:\/\/www.radioluna.it\/news\/wp-json\/wp\/v2\/comments?post=353476"}],"version-history":[{"count":9,"href":"https:\/\/www.radioluna.it\/news\/wp-json\/wp\/v2\/posts\/353476\/revisions"}],"predecessor-version":[{"id":353487,"href":"https:\/\/www.radioluna.it\/news\/wp-json\/wp\/v2\/posts\/353476\/revisions\/353487"}],"wp:featuredmedia":[{"embeddable":true,"href":"https:\/\/www.radioluna.it\/news\/wp-json\/wp\/v2\/media\/353477"}],"wp:attachment":[{"href":"https:\/\/www.radioluna.it\/news\/wp-json\/wp\/v2\/media?parent=353476"}],"wp:term":[{"taxonomy":"category","embeddable":true,"href":"https:\/\/www.radioluna.it\/news\/wp-json\/wp\/v2\/categories?post=353476"},{"taxonomy":"post_tag","embeddable":true,"href":"https:\/\/www.radioluna.it\/news\/wp-json\/wp\/v2\/tags?post=353476"}],"curies":[{"name":"wp","href":"https:\/\/api.w.org\/{rel}","templated":true}]}}