{"id":353501,"date":"2024-05-31T09:00:45","date_gmt":"2024-05-31T07:00:45","guid":{"rendered":"https:\/\/www.radioluna.it\/news\/?p=353501"},"modified":"2024-05-31T13:47:31","modified_gmt":"2024-05-31T11:47:31","slug":"coletta-banca-ditalia-e-ruspi-non-faranno-di-latina-una-citta-universitaria-occorrono-servizi","status":"publish","type":"post","link":"https:\/\/www.radioluna.it\/news\/2024\/05\/coletta-banca-ditalia-e-ruspi-non-faranno-di-latina-una-citta-universitaria-occorrono-servizi\/","title":{"rendered":"Coletta: &#8220;Banca d&#8217;Italia e Ruspi non faranno di Latina una citt\u00e0 universitaria, occorrono servizi&#8221;"},"content":{"rendered":"<div id=\"fb-root\"><\/div>\n<p style=\"text-align: justify;\"><strong>LATINA &#8211;<\/strong> &#8220;Quella che poteva essere una grande occasione per la citt\u00e0, si \u00e8 trasformata in un\u2019ossessione per questa Amministrazione che non vedeva l\u2019ora di liberarsi di due immobili per i quali sono state investite ingenti risorse pubbliche e che avrebbero potuto rivoluzionare la vita culturale e sociale della citt\u00e0&#8221;. L&#8217;ex sindaco civico Damiano Coletta commenta cos\u00ec la decisione dell&#8217;amministrazione Celentano di affittare per complessivi 130mila euro l&#8217;anno l\u2019ex Garage Ruspi e la ex sede della Banca d\u2019Italia per trent\u2019anni alla Sapienza. Una decisione presa &#8211; sottolinea Coletta\u00a0 &#8220;sottraendosi ancora una volta al dibattito pubblico e al confronto con la citt\u00e0&#8221;.<\/p>\n<p style=\"text-align: justify;\">All&#8217;Universit\u00e0\u00a0 &#8211; aggiunge\u00a0 &#8211; &#8220;va il mio massimo rispetto che ho dimostrato da sindaco collaborando con La Sapienza pienamente, agevolando qualsiasi percorso che potesse portare a Latina nuove facolt\u00e0 e nuovi investimenti. E invece per quello strano complesso di inferiorit\u00e0 che sembra affliggere questa Amministrazione che sulla cultura arranca e fugge, appaltiamo ad altri la fruizione di quello che il Prof. Arch. Luciano Cupelloni aveva immaginato come centro culturale con spazi espositivi, sala eventi, bookshop. Ma soprattutto il Garage Ruspi doveva essere parte integrante di quell\u2019area pedonale immaginata decenni fa.<br \/>\nE penso alla Banca d\u2019Italia, un edificio immenso che poteva essere utilizzato come biblioteca, spazi di coworking e che con il suo caveau poteva custodire opere d\u2019arte importanti.<br \/>\nPer 30 anni questi edifici saranno quindi dati in gestione all\u2019Universit\u00e0 ma non \u00e8 questo che render\u00e0 Latina una citt\u00e0 universitaria. Per diventarlo non servono solo spazi ma servizi: come una rete di trasporti adeguata e fruibile da studenti e specializzandi per raggiungere le diverse sedi, alloggi per i fuori sede che ora sono scoraggiati da costi sempre pi\u00f9 alti e poi torniamo sempre al punto: aule studio, biblioteche e spazi di aggregazione e confronto&#8221;.<br \/>\nSecondo Coletta &#8220;dopo un anno l\u2019Amministrazione Celentano dimostra ancora una volta di non avere idee, sogni e progetti per questa citt\u00e0&#8221;.<\/p>\n","protected":false},"excerpt":{"rendered":"<p>LATINA &#8211; &#8220;Quella che poteva essere una grande occasione per la citt\u00e0, si \u00e8 trasformata in un\u2019ossessione per questa Amministrazione che non vedeva l\u2019ora di liberarsi di due immobili per i quali sono state investite ingenti risorse pubbliche e che avrebbero potuto rivoluzionare la vita culturale e sociale della citt\u00e0&#8221;. L&#8217;ex sindaco civico Damiano Coletta [&hellip;]<\/p>\n","protected":false},"author":62,"featured_media":341490,"comment_status":"open","ping_status":"open","sticky":false,"template":"","format":"standard","meta":{"footnotes":""},"categories":[8],"tags":[],"class_list":["post-353501","post","type-post","status-publish","format-standard","has-post-thumbnail","hentry","category-politica"],"_links":{"self":[{"href":"https:\/\/www.radioluna.it\/news\/wp-json\/wp\/v2\/posts\/353501","targetHints":{"allow":["GET"]}}],"collection":[{"href":"https:\/\/www.radioluna.it\/news\/wp-json\/wp\/v2\/posts"}],"about":[{"href":"https:\/\/www.radioluna.it\/news\/wp-json\/wp\/v2\/types\/post"}],"author":[{"embeddable":true,"href":"https:\/\/www.radioluna.it\/news\/wp-json\/wp\/v2\/users\/62"}],"replies":[{"embeddable":true,"href":"https:\/\/www.radioluna.it\/news\/wp-json\/wp\/v2\/comments?post=353501"}],"version-history":[{"count":1,"href":"https:\/\/www.radioluna.it\/news\/wp-json\/wp\/v2\/posts\/353501\/revisions"}],"predecessor-version":[{"id":353502,"href":"https:\/\/www.radioluna.it\/news\/wp-json\/wp\/v2\/posts\/353501\/revisions\/353502"}],"wp:featuredmedia":[{"embeddable":true,"href":"https:\/\/www.radioluna.it\/news\/wp-json\/wp\/v2\/media\/341490"}],"wp:attachment":[{"href":"https:\/\/www.radioluna.it\/news\/wp-json\/wp\/v2\/media?parent=353501"}],"wp:term":[{"taxonomy":"category","embeddable":true,"href":"https:\/\/www.radioluna.it\/news\/wp-json\/wp\/v2\/categories?post=353501"},{"taxonomy":"post_tag","embeddable":true,"href":"https:\/\/www.radioluna.it\/news\/wp-json\/wp\/v2\/tags?post=353501"}],"curies":[{"name":"wp","href":"https:\/\/api.w.org\/{rel}","templated":true}]}}