{"id":353509,"date":"2024-05-31T15:30:01","date_gmt":"2024-05-31T13:30:01","guid":{"rendered":"https:\/\/www.radioluna.it\/news\/?p=353509"},"modified":"2024-05-31T15:30:18","modified_gmt":"2024-05-31T13:30:18","slug":"bilancio-a-terracina-dopo-lapprovazione-parlano-il-sindaco-e-lassessore-tasciotti","status":"publish","type":"post","link":"https:\/\/www.radioluna.it\/news\/2024\/05\/bilancio-a-terracina-dopo-lapprovazione-parlano-il-sindaco-e-lassessore-tasciotti\/","title":{"rendered":"Bilancio a Terracina, dopo l\u2019approvazione parlano il Sindaco e l\u2019Assessore Tasciotti"},"content":{"rendered":"<div id=\"fb-root\"><\/div>\n<p><strong>TERRACINA &#8211;<\/strong> \u00abAbbiamo lavorato molto per arrivare a questi dati che parlano chiaramente di una buona gestione finanziaria dell\u2019Ente. \u00c8 necessario ricordare che l\u2019Amministrazione Giannetti si \u00e8 insediata a giugno 2023, e fino ad allora l\u2019Ente \u00e8 stato amministrato da un Commissario Straordinario. Per questo il bilancio di previsione 2023 era stato precedentemente approntato e approvato dalla gestione commissariale, e solo da giugno 2023 abbiamo cominciato a verificare quanto previsto nel documento di previsione per iniziare a programmare le attivit\u00e0 previste nel proprio programma. Un grande lavoro che per\u00f2 consideriamo soltanto un punto di partenza\u00bb, questo il commento dell\u2019Assessore al Bilancio Angelina Tasciotti dopo l\u2019approvazione nei giorni scorsi del Rendiconto sulla gestione dell\u2019Ente relativo all\u2019esercizio 2023. Uno strumento necessario che permette ai cittadini e agli organi di controllo di monitorare l&#8217;andamento delle entrate, delle spese e degli investimenti realizzati dall\u2019Amministrazione Comunale valutandone l&#8217;efficienza, l&#8217;efficacia e la trasparenza nella gestione delle risorse pubbliche.<\/p>\n<p>Numerose sono state le variazioni al bilancio di previsione 2023 approvato dal Commissario, e numerose le variazioni di bilancio per applicare parte dell\u2019avanzo vincolato nel bilancio di previsione 2023 necessarie per effettuare opere e manutenzioni pubbliche.<\/p>\n<p>Contestualmente sono stati adeguati gli altri strumenti di programmazione come il piano annuale e triennale delle opere pubbliche e il piano annuale e triennale delle assunzioni.<\/p>\n<p>Solo per ricordare qualche numero, sono state fatte variazioni consistenti nel settore dei lavori pubblici con l\u2019utilizzo di avanzo pari a circa 4.500.000, \u00e8 stato applicato avanzo per il rifacimento del Ponte sul Sisto per un valore pari a 2.500.000, sono state fatte diverse assunzioni di personale per potenziare la macchina amministrativa.<\/p>\n<p>Il Rendiconto di Gestione 2023 approvato dal Consiglio comunale fa registrare una gestione finanziaria ed economico patrimoniale molto equilibrata, che consente all\u2019Ente di trovarsi in un ottimo stato di finanza comunale. Al termine dell\u2019esercizio, infatti, si registra un fondo di cassa di oltre 40 milioni di euro.<\/p>\n<p>Come sottolineato dall&#8217;Assessore Tasciotti, ovviamente non si tratta di un fondo da custodire gelosamente, ma di quanto necessario per far fronte alle spese. Tra le spese correnti pi\u00f9 onerose, infatti, ci sono i costi per il personale, beni e servizi di consumo, per i quali sono impegnati 39 milioni.<\/p>\n<p>Il risultato complessivo di amministrazione \u00e8 stato pari ad oltre 61 milioni di euro.<\/p>\n<p>Sia i residui attivi che quelli passivi si sono notevolmente ridotti rispetto all\u2019esercizio 2022. Anche il fondo crediti di dubbia esigibilit\u00e0 \u00e8 passato da 40 milioni del 2022 a 30 milioni del 2023.<\/p>\n<p>L\u2019Ente risulta altres\u00ec notevolmente garantito da un fondo contenzioso di 5 milioni di euro. Questo fondo potr\u00e0 essere utilizzato nel caso in cui vi siano, nel corso dell\u2019esercizio, delle sentenze che vedano l\u2019ente soccombere. Quindi, sia questo fondo sia il fondo di dubbia esigibilit\u00e0 sono vere e proprie garanzie di stabilit\u00e0 finanziaria.<\/p>\n<p>Inoltre, l\u2019Ente pu\u00f2 contare su un avanzo vincolato pari ad oltre 17 milioni di euro che potr\u00e0 essere utilizzato per la realizzazione di opere e lavori pubblici.<\/p>\n<p>Si registra anche un ottimo avanzo libero, che potr\u00e0 essere utilizzato secondo quanto previsto dalle disposizioni del testo unico sugli enti locali per ulteriori progetti che l\u2019Amministrazione ha intenzione di realizzare nel corso del 2024.<\/p>\n<p>In altre parole, il Comune di Terracina ha chiuso l&#8217;anno 2023 con un risultato di amministrazione positivo (61.499.626,90 euro) la cui quota disponibile (794.845,46 euro) appare particolarmente significativa.<\/p>\n<p>Anche lo stato patrimoniale e il conto economico registrano dei dati positivi. Il totale dell\u2019attivo \u00e8 pari ad oltre 165 milioni di euro e l\u2019utile si \u00e8 attestato ad oltre 6 milioni di euro.<\/p>\n<p>Molto positivo anche l\u2019indicatore di tempestivit\u00e0 dei pagamenti. L\u2019Ente infatti paga i fornitori di beni e servizi con un ritardo di soli 6 giorni lavorativi, quando spesso molti comuni italiani pagano i fornitori anche a distanza di mesi.<\/p>\n<p>\u00abCon il tempo che abbiamo avuto a disposizione abbiamo posto la massima attenzione a tutte le problematiche della Citt\u00e0. Abbiamo trovato una situazione complicata, perch\u00e9 non \u00e8 semplice lavorare con un organico deficitario e una macchina amministrativa compromessa, che ci stiamo impegnando quotidianamente a rimettere in sesto. Spesso la nostra ferma volont\u00e0 per rispondere alle esigenze e alle necessit\u00e0 di Terracina e dei cittadini \u00e8 stata pesantemente ostacolata dalla burocrazia, che rende complesso anche un percorso apparentemente semplice. Stiamo portando avanti tutti i progetti per la valorizzazione e la riqualificazione del Borgo Pio con i fondi PNRR, che ci consentiranno tra l\u2019altro di riaprire il tratto di via Lungolinea Pio VI chiuso da tempo, e di dare nuova vita al Mercato della Marina. Per questo abbiamo raggiunto un accordo con gli operatori al momento presenti per il loro spostamento che avverr\u00e0 la settimana prossima e che ci consentir\u00e0 di riprendere e portare avanti il progetto. Sono convinto che si pu\u00f2 sempre fare meglio, ma noi ce la stiamo mettendo tutta per la nostra Citt\u00e0, e per questo ringrazio la maggioranza che mi ha sempre sostenuto. Abbiamo sempre cercato il dialogo in Consiglio come nelle Commissioni, che non sempre abbiamo trovato. Ma resto fiducioso che si possa intraprendere un percorso condiviso, e per questo rimango sempre disponibile a un confronto che abbia come presupposto la lealt\u00e0 politica, e come fine comune il bene per la nostra Terracina\u00bb, ha dichiarato il Sindaco di Terracina Francesco Giannetti.<\/p>\n","protected":false},"excerpt":{"rendered":"<p>TERRACINA &#8211; \u00abAbbiamo lavorato molto per arrivare a questi dati che parlano chiaramente di una buona gestione finanziaria dell\u2019Ente. \u00c8 necessario ricordare che l\u2019Amministrazione Giannetti si \u00e8 insediata a giugno 2023, e fino ad allora l\u2019Ente \u00e8 stato amministrato da un Commissario Straordinario. Per questo il bilancio di previsione 2023 era stato precedentemente approntato e [&hellip;]<\/p>\n","protected":false},"author":60,"featured_media":330354,"comment_status":"open","ping_status":"open","sticky":false,"template":"","format":"standard","meta":{"footnotes":""},"categories":[735,2428],"tags":[],"class_list":["post-353509","post","type-post","status-publish","format-standard","has-post-thumbnail","hentry","category-attualita","category-primo-piano"],"_links":{"self":[{"href":"https:\/\/www.radioluna.it\/news\/wp-json\/wp\/v2\/posts\/353509","targetHints":{"allow":["GET"]}}],"collection":[{"href":"https:\/\/www.radioluna.it\/news\/wp-json\/wp\/v2\/posts"}],"about":[{"href":"https:\/\/www.radioluna.it\/news\/wp-json\/wp\/v2\/types\/post"}],"author":[{"embeddable":true,"href":"https:\/\/www.radioluna.it\/news\/wp-json\/wp\/v2\/users\/60"}],"replies":[{"embeddable":true,"href":"https:\/\/www.radioluna.it\/news\/wp-json\/wp\/v2\/comments?post=353509"}],"version-history":[{"count":0,"href":"https:\/\/www.radioluna.it\/news\/wp-json\/wp\/v2\/posts\/353509\/revisions"}],"wp:featuredmedia":[{"embeddable":true,"href":"https:\/\/www.radioluna.it\/news\/wp-json\/wp\/v2\/media\/330354"}],"wp:attachment":[{"href":"https:\/\/www.radioluna.it\/news\/wp-json\/wp\/v2\/media?parent=353509"}],"wp:term":[{"taxonomy":"category","embeddable":true,"href":"https:\/\/www.radioluna.it\/news\/wp-json\/wp\/v2\/categories?post=353509"},{"taxonomy":"post_tag","embeddable":true,"href":"https:\/\/www.radioluna.it\/news\/wp-json\/wp\/v2\/tags?post=353509"}],"curies":[{"name":"wp","href":"https:\/\/api.w.org\/{rel}","templated":true}]}}