{"id":353626,"date":"2024-06-03T09:18:06","date_gmt":"2024-06-03T07:18:06","guid":{"rendered":"https:\/\/www.radioluna.it\/news\/?p=353626"},"modified":"2024-06-03T09:19:41","modified_gmt":"2024-06-03T07:19:41","slug":"un-cavaliere-nella-polizia-locale-di-latina","status":"publish","type":"post","link":"https:\/\/www.radioluna.it\/news\/2024\/06\/un-cavaliere-nella-polizia-locale-di-latina\/","title":{"rendered":"Un Cavaliere nella Polizia Locale di Latina"},"content":{"rendered":"<div id=\"fb-root\"><\/div>\n<p style=\"text-align: justify;\"><strong>LATINA &#8211;\u00a0<\/strong> Nell\u2019ambito delle cerimonie per il 78\u00b0 anniversario della Festa della Repubblica, la sindaca Matilde Celentano ha consegnato l\u2019onorificenza di Cavaliere della Repubblica a Emilio Boscaro, vice commissario aggiunto della Polizia Locale di Latina.<\/p>\n<p style=\"text-align: justify;\">\u201cL\u2019onorificenza conferita dal Presidente della Repubblica Sergio Mattarella a un uomo della Polizia Locale di Latina \u2013 ha affermato la sindaca Celentano &#8211; \u00e8 motivo di orgoglio per l\u2019amministrazione comunale, per il Corpo della Polizia Locale e, interpretando il sentire comune, per l\u2019intera comunit\u00e0 cittadina. Auguro all\u2019ufficiale Boscaro, integerrimo professionista, un buon proseguimento di carriera, sempre caratterizzata da competenza e affidabilit\u00e0\u201d.<\/p>\n<p style=\"text-align: justify;\">La prima cittadina, il vice sindaco Massimiliano Carnevale, gli assessori Francesca Tesone e Antonio Cosentino, e numerosi consiglieri comunali hanno preso parte, questa mattina, ai festeggiamenti organizzati, come di consueto, in piazza della Libert\u00e0 dalla Prefettura e dal Comune di Latina.<\/p>\n<p style=\"text-align: justify;\">\u201cE\u2019 stato un bellissimo momento di condivisione della festa con i cittadini e con le autorit\u00e0 presenti &#8211; ha sottolineato Celentano a margine dell\u2019evento presieduto dal Prefetto Maurizio Falco \u2013 Il 2 e il 3 giugno 1946, esattamente 78 anni fa, ci fu il referendum istituzionale con il quale la maggioranza degli italiani scelse di affidare il futuro della nostra nazionale alla forma di governo repubblicano, abbandonando per sempre la monarchia. Fu eletta, inoltre, l\u2019Assemblea Costituente. La Festa della Repubblica del 2 Giugno celebra anche, e mi piace evidenziarlo, il giorno in cui il suffragio divenne universale. Per la prima volta le donne italiane si recarono alle urne per esercitare il diritto di voto. E la risposta fu straordinaria. Auguro a tutti i cittadini di Latina una buona Festa della Repubblica, La festa di oggi ci ricorda la nascita della Repubblica Italiana, nel segno dei dei principali valori democratici alla base della nostra societ\u00e0: libert\u00e0, uguaglianza, pluralismo, solidariet\u00e0. Viva la Repubblica, viva il Tricolore, viva Latina\u201d, ha concluso il sindaco Celentano.<\/p>\n","protected":false},"excerpt":{"rendered":"<p>LATINA &#8211;\u00a0 Nell\u2019ambito delle cerimonie per il 78\u00b0 anniversario della Festa della Repubblica, la sindaca Matilde Celentano ha consegnato l\u2019onorificenza di Cavaliere della Repubblica a Emilio Boscaro, vice commissario aggiunto della Polizia Locale di Latina. \u201cL\u2019onorificenza conferita dal Presidente della Repubblica Sergio Mattarella a un uomo della Polizia Locale di Latina \u2013 ha affermato la [&hellip;]<\/p>\n","protected":false},"author":60,"featured_media":353633,"comment_status":"open","ping_status":"open","sticky":false,"template":"","format":"standard","meta":{"footnotes":""},"categories":[735,734],"tags":[],"class_list":["post-353626","post","type-post","status-publish","format-standard","has-post-thumbnail","hentry","category-attualita","category-evidenza"],"_links":{"self":[{"href":"https:\/\/www.radioluna.it\/news\/wp-json\/wp\/v2\/posts\/353626","targetHints":{"allow":["GET"]}}],"collection":[{"href":"https:\/\/www.radioluna.it\/news\/wp-json\/wp\/v2\/posts"}],"about":[{"href":"https:\/\/www.radioluna.it\/news\/wp-json\/wp\/v2\/types\/post"}],"author":[{"embeddable":true,"href":"https:\/\/www.radioluna.it\/news\/wp-json\/wp\/v2\/users\/60"}],"replies":[{"embeddable":true,"href":"https:\/\/www.radioluna.it\/news\/wp-json\/wp\/v2\/comments?post=353626"}],"version-history":[{"count":2,"href":"https:\/\/www.radioluna.it\/news\/wp-json\/wp\/v2\/posts\/353626\/revisions"}],"predecessor-version":[{"id":353637,"href":"https:\/\/www.radioluna.it\/news\/wp-json\/wp\/v2\/posts\/353626\/revisions\/353637"}],"wp:featuredmedia":[{"embeddable":true,"href":"https:\/\/www.radioluna.it\/news\/wp-json\/wp\/v2\/media\/353633"}],"wp:attachment":[{"href":"https:\/\/www.radioluna.it\/news\/wp-json\/wp\/v2\/media?parent=353626"}],"wp:term":[{"taxonomy":"category","embeddable":true,"href":"https:\/\/www.radioluna.it\/news\/wp-json\/wp\/v2\/categories?post=353626"},{"taxonomy":"post_tag","embeddable":true,"href":"https:\/\/www.radioluna.it\/news\/wp-json\/wp\/v2\/tags?post=353626"}],"curies":[{"name":"wp","href":"https:\/\/api.w.org\/{rel}","templated":true}]}}