{"id":353656,"date":"2024-06-03T10:37:27","date_gmt":"2024-06-03T08:37:27","guid":{"rendered":"https:\/\/www.radioluna.it\/news\/?p=353656"},"modified":"2024-06-03T10:39:26","modified_gmt":"2024-06-03T08:39:26","slug":"da-cori-agli-usa-pietro-vitelli-racconta-nonno-peppe-e-la-mia-america","status":"publish","type":"post","link":"https:\/\/www.radioluna.it\/news\/2024\/06\/da-cori-agli-usa-pietro-vitelli-racconta-nonno-peppe-e-la-mia-america\/","title":{"rendered":"Da Cori agli Usa, Pietro Vitelli racconta \u201cNonno Peppe e la mia America&#8221;"},"content":{"rendered":"<div id=\"fb-root\"><\/div>\n<p style=\"text-align: justify;\"><strong>LATINA &#8211;<\/strong> Sar\u00e0 presentato mercoled\u00ec 5 giugno alle ore 18 nello Spazio Lestrella Pop in largo Jacopo Peri 12 a Latina, nel quartiere \u201cNuova Latina\u201d, ex Q4, il nuovo libro di Pietro Vitelli: \u201cNonno Peppe e la mia America. L\u2019universo in un guscio di noce. Tutto \u00e8 connesso\u201d, edito dalla Atlantide editore di Latina.<\/p>\n<p style=\"text-align: justify;\">Un nonno mai conosciuto, emigrato da Cori verso gli Stati Uniti d\u2019America nei primi del \u2018900 in cerca di una vita migliore per la sua famiglia, tornato dopo venti anni, riabbracciando moglie e figli cos\u00ec diversi da quelli della partenza. Strappi e addii laceranti con i propri cari e la propria terra, rincontri emotivamente sconvolgenti, e su tutto il bisogno di ricostruire la propria storia e le proprie radici, in un\u2019appassionante ricerca per riconnettersi spiritualmente con chi ci ha generato e donato la vita. Una storia familiare emblematica dell\u2019emigrazione italiana del XX secolo.<\/p>\n<p style=\"text-align: justify;\">Come scrive Vitelli nel volume: \u201cL\u2019impulso a raccontare la storia di mio nonno si \u00e8 generato in me dalla triste constatazione che gi\u00e0 il terzo discendente di una persona non conosce pi\u00f9 neanche i dati biografici minimi dei propri avi, quali le date di nascita e di morte, la tomba dove riposano, il matrimonio, la parentela, il mestiere svolto, dove hanno vissuto ecc. Poich\u00e9 io sono convinto che noi siamo anche il passato di chi ci ha preceduto, ritengo questo stato delle cose negativo e se possibile voglio aiutare, anche con l\u2019esempio che pu\u00f2 fornire questo lavoro, a squarciare lo stato corrente delle cose perch\u00e9 niente pu\u00f2 farci capire chi siamo come il conoscere, almeno nell\u2019essenziale, la vita di chi ci ha preceduto\u201d. Vitelli in questa coinvolgente ricostruzione si \u00e8 avvalso di archivi pubblici e memorie private, accompagnando il lettore nei passaggi fondamentali della vita di suo nonno materno Giuseppe Ferroni (1870 -1933), da contadino e carrettiere a Cori a operaio nelle fonderie di Philadelphia nel 1903, lontano dai suoi familiari per venti anni prima di riabbracciarli nella nat\u00eca terra corese, in un\u2019epoca in cui le comunicazioni e i viaggi erano enormemente pi\u00f9 difficili di oggi ma gli affetti e i legami familiari straordinariamente solidi. Vitelli ha viaggiato negli Stati Uniti per incontrare i discendenti della sua famiglia e rivedere i luoghi che videro il passaggio di suo nonno e il fratello di questi, riannodando antichi legami affettivi.<\/p>\n<p style=\"text-align: justify;\">In questa prima presentazione ad accompagnare l\u2019autore, saranno la giornalista Cora Craus e l\u2019editore Dario Petti.<\/p>\n<p>&nbsp;<\/p>\n","protected":false},"excerpt":{"rendered":"<p>LATINA &#8211; Sar\u00e0 presentato mercoled\u00ec 5 giugno alle ore 18 nello Spazio Lestrella Pop in largo Jacopo Peri 12 a Latina, nel quartiere \u201cNuova Latina\u201d, ex Q4, il nuovo libro di Pietro Vitelli: \u201cNonno Peppe e la mia America. L\u2019universo in un guscio di noce. Tutto \u00e8 connesso\u201d, edito dalla Atlantide editore di Latina. Un [&hellip;]<\/p>\n","protected":false},"author":60,"featured_media":353657,"comment_status":"open","ping_status":"open","sticky":false,"template":"","format":"standard","meta":{"footnotes":""},"categories":[2424],"tags":[],"class_list":["post-353656","post","type-post","status-publish","format-standard","has-post-thumbnail","hentry","category-i-nostri-libri"],"_links":{"self":[{"href":"https:\/\/www.radioluna.it\/news\/wp-json\/wp\/v2\/posts\/353656","targetHints":{"allow":["GET"]}}],"collection":[{"href":"https:\/\/www.radioluna.it\/news\/wp-json\/wp\/v2\/posts"}],"about":[{"href":"https:\/\/www.radioluna.it\/news\/wp-json\/wp\/v2\/types\/post"}],"author":[{"embeddable":true,"href":"https:\/\/www.radioluna.it\/news\/wp-json\/wp\/v2\/users\/60"}],"replies":[{"embeddable":true,"href":"https:\/\/www.radioluna.it\/news\/wp-json\/wp\/v2\/comments?post=353656"}],"version-history":[{"count":2,"href":"https:\/\/www.radioluna.it\/news\/wp-json\/wp\/v2\/posts\/353656\/revisions"}],"predecessor-version":[{"id":353660,"href":"https:\/\/www.radioluna.it\/news\/wp-json\/wp\/v2\/posts\/353656\/revisions\/353660"}],"wp:featuredmedia":[{"embeddable":true,"href":"https:\/\/www.radioluna.it\/news\/wp-json\/wp\/v2\/media\/353657"}],"wp:attachment":[{"href":"https:\/\/www.radioluna.it\/news\/wp-json\/wp\/v2\/media?parent=353656"}],"wp:term":[{"taxonomy":"category","embeddable":true,"href":"https:\/\/www.radioluna.it\/news\/wp-json\/wp\/v2\/categories?post=353656"},{"taxonomy":"post_tag","embeddable":true,"href":"https:\/\/www.radioluna.it\/news\/wp-json\/wp\/v2\/tags?post=353656"}],"curies":[{"name":"wp","href":"https:\/\/api.w.org\/{rel}","templated":true}]}}