{"id":353743,"date":"2024-06-05T10:19:31","date_gmt":"2024-06-05T08:19:31","guid":{"rendered":"https:\/\/www.radioluna.it\/news\/?p=353743"},"modified":"2024-06-05T17:32:35","modified_gmt":"2024-06-05T15:32:35","slug":"la-tartaruga-marina-lollo-torna-a-nuotare-liberata-nel-mare-di-capratica-a-fondi","status":"publish","type":"post","link":"https:\/\/www.radioluna.it\/news\/2024\/06\/la-tartaruga-marina-lollo-torna-a-nuotare-liberata-nel-mare-di-capratica-a-fondi\/","title":{"rendered":"La tartaruga marina Lollo torna a nuotare: liberata nel mare di Capratica a Fondi"},"content":{"rendered":"<div id=\"fb-root\"><\/div>\n<p style=\"text-align: justify;\"><strong>FONDI &#8211;<\/strong> E&#8217; stata liberata sulla spiaggia\u00a0 di Capratica a Fondi, Lollo, esemplare di Caretta Caretta di 15 anni recuperato lungo le coste laziali dai volontari della rete regionale Tartalazio, di cui fa parte il Parco regionale Riviera d\u2019Ulisse. Era stata chiamata cos\u00ec perch\u00e9 salvata da morte certa nel giorno in cui \u00e8 scomparsa Gina Lollobrigida, la pi\u00f9 celebre Lollo del cinema.<\/p>\n<p style=\"text-align: justify;\">&#8220;Pinne danneggiate, ossa fratturate, una gravissima setticemia &#8211; raccontano &#8211;\u00a0 causato da una rete da pesca, ma il gruppo di esperti \u00e8 riuscito a rimetterla in sesto e a liberarla&#8221;.<\/p>\n<p style=\"text-align: justify;\">Riabilitata presso il centro di Portici, in Campania questa tartaruga marina \u00e8 stata rilasciata in mare dagli addetti ai lavori con l\u2019assessore al Demanio del Comune di Fondi Claudio Spagnardi che ha portato i saluti del sindaco di Fondi Beniamino Maschietto e sottolineato l\u2019impegno dell\u2019Ente per preservare la zona.\u00a0La \u201ccorsa\u201d verso la libert\u00e0 e poi la nuotata nelle acque cristalline \u00e8 stata accolta con grande entusiasmo dai presenti, in particolare dalle scolaresche che hanno avuto la fortuna di assistere ad un evento naturalistico unico nel suo genere.<\/p>\n<p style=\"text-align: justify;\">E&#8217; stata scelta la spiaggia di Capratica\u00a0 &#8211; ha spiegato il commissario dell\u2019Ente Parco Regionale Riviera D&#8217;Ulisse Massimo Giovanchelli &#8211;\u00a0per l\u2019elevato valore naturalistico della Duna, Zona Speciale di Conservazione, unica nel suo genere, incontaminata e perfettamente conservata.<\/p>\n<p>&nbsp;<\/p>\n","protected":false},"excerpt":{"rendered":"<p>FONDI &#8211; E&#8217; stata liberata sulla spiaggia\u00a0 di Capratica a Fondi, Lollo, esemplare di Caretta Caretta di 15 anni recuperato lungo le coste laziali dai volontari della rete regionale Tartalazio, di cui fa parte il Parco regionale Riviera d\u2019Ulisse. Era stata chiamata cos\u00ec perch\u00e9 salvata da morte certa nel giorno in cui \u00e8 scomparsa Gina [&hellip;]<\/p>\n","protected":false},"author":62,"featured_media":353744,"comment_status":"open","ping_status":"open","sticky":false,"template":"","format":"gallery","meta":{"footnotes":""},"categories":[12,2428],"tags":[],"class_list":["post-353743","post","type-post","status-publish","format-gallery","has-post-thumbnail","hentry","category-ambiente","category-primo-piano","post_format-post-format-gallery"],"_links":{"self":[{"href":"https:\/\/www.radioluna.it\/news\/wp-json\/wp\/v2\/posts\/353743","targetHints":{"allow":["GET"]}}],"collection":[{"href":"https:\/\/www.radioluna.it\/news\/wp-json\/wp\/v2\/posts"}],"about":[{"href":"https:\/\/www.radioluna.it\/news\/wp-json\/wp\/v2\/types\/post"}],"author":[{"embeddable":true,"href":"https:\/\/www.radioluna.it\/news\/wp-json\/wp\/v2\/users\/62"}],"replies":[{"embeddable":true,"href":"https:\/\/www.radioluna.it\/news\/wp-json\/wp\/v2\/comments?post=353743"}],"version-history":[{"count":2,"href":"https:\/\/www.radioluna.it\/news\/wp-json\/wp\/v2\/posts\/353743\/revisions"}],"predecessor-version":[{"id":353766,"href":"https:\/\/www.radioluna.it\/news\/wp-json\/wp\/v2\/posts\/353743\/revisions\/353766"}],"wp:featuredmedia":[{"embeddable":true,"href":"https:\/\/www.radioluna.it\/news\/wp-json\/wp\/v2\/media\/353744"}],"wp:attachment":[{"href":"https:\/\/www.radioluna.it\/news\/wp-json\/wp\/v2\/media?parent=353743"}],"wp:term":[{"taxonomy":"category","embeddable":true,"href":"https:\/\/www.radioluna.it\/news\/wp-json\/wp\/v2\/categories?post=353743"},{"taxonomy":"post_tag","embeddable":true,"href":"https:\/\/www.radioluna.it\/news\/wp-json\/wp\/v2\/tags?post=353743"}],"curies":[{"name":"wp","href":"https:\/\/api.w.org\/{rel}","templated":true}]}}