{"id":353788,"date":"2024-06-05T15:56:00","date_gmt":"2024-06-05T13:56:00","guid":{"rendered":"https:\/\/www.radioluna.it\/news\/?p=353788"},"modified":"2024-06-05T15:59:03","modified_gmt":"2024-06-05T13:59:03","slug":"revisione-del-ppe-di-borgo-carso","status":"publish","type":"post","link":"https:\/\/www.radioluna.it\/news\/2024\/06\/revisione-del-ppe-di-borgo-carso\/","title":{"rendered":"Revisione del Ppe di Borgo Carso"},"content":{"rendered":"<div id=\"fb-root\"><\/div>\n<p style=\"text-align: justify;\"><strong>LATINA &#8211;<\/strong> \u201cL\u2019approvazione oggi della revisione del perimetro di Borgo Carso, approvata oggi in commissione Urbanistica, presieduta dal consigliere Roberto Belvisi, rappresenta un altro passo in avanti che questa amministrazione sta conducendo in materia di pianificazione. \u00a0L\u2019ampliamento del perimetro \u00e8 stato approvato per le zone Nord e Sud-Ovest per ci\u00f2 che concerne il parcheggio del campo sportivo e della viabilit\u00e0 di accesso; \u00e8 stata prevista la delocalizzazione nella zona Sud-Ovest, a margine della viabilit\u00e0 di accesso al Borgo su via Erodoto, dell\u2019area destinata a scuola elementare che allo stato \u00e8 ubicata in corrispondenza della piazza centrale. L\u2019ampliamento ha interessato anche la zona Ovest, a ridosso di via Campo Maggiore e ad est di via Pericle. Adesso si proceder\u00e0 alla redazione definitiva del progetto e alla richiesta dei pareri regionali sulla Vas e sul vincolo geologico vegetazionale che sono propedeutici all\u2019esame del Consiglio comunale. Preciso che si tratta di una materia rientrate tra quelle delegate dalla Regione Lazio e che pertanto, al netto dei pareri ambientali che restano di competenza regioanle, si proceder\u00e0 soltanto all\u2019approvazione della delibera in Consiglio comunale senza attendere l\u2019ulteriore ok della Regione Lazio. Colgo l\u2019occasione per ringraziare il presidente Belvisi e gli altri commissari\u201d.<\/p>\n<p>E\u2019 quanto dichiarato dall\u2019assessore all\u2019Urbanistica del Comune di Latina, Annalisa Muzio, a margine della seduta odierna della commissione Urbanistica che ha licenziato l\u2019aggiornamento del Piano particolareggiato edilizio di Borgo Carso.<\/p>\n","protected":false},"excerpt":{"rendered":"<p>LATINA &#8211; \u201cL\u2019approvazione oggi della revisione del perimetro di Borgo Carso, approvata oggi in commissione Urbanistica, presieduta dal consigliere Roberto Belvisi, rappresenta un altro passo in avanti che questa amministrazione sta conducendo in materia di pianificazione. \u00a0L\u2019ampliamento del perimetro \u00e8 stato approvato per le zone Nord e Sud-Ovest per ci\u00f2 che concerne il parcheggio del [&hellip;]<\/p>\n","protected":false},"author":60,"featured_media":323898,"comment_status":"open","ping_status":"open","sticky":false,"template":"","format":"standard","meta":{"footnotes":""},"categories":[735,2428],"tags":[],"class_list":["post-353788","post","type-post","status-publish","format-standard","has-post-thumbnail","hentry","category-attualita","category-primo-piano"],"_links":{"self":[{"href":"https:\/\/www.radioluna.it\/news\/wp-json\/wp\/v2\/posts\/353788","targetHints":{"allow":["GET"]}}],"collection":[{"href":"https:\/\/www.radioluna.it\/news\/wp-json\/wp\/v2\/posts"}],"about":[{"href":"https:\/\/www.radioluna.it\/news\/wp-json\/wp\/v2\/types\/post"}],"author":[{"embeddable":true,"href":"https:\/\/www.radioluna.it\/news\/wp-json\/wp\/v2\/users\/60"}],"replies":[{"embeddable":true,"href":"https:\/\/www.radioluna.it\/news\/wp-json\/wp\/v2\/comments?post=353788"}],"version-history":[{"count":0,"href":"https:\/\/www.radioluna.it\/news\/wp-json\/wp\/v2\/posts\/353788\/revisions"}],"wp:featuredmedia":[{"embeddable":true,"href":"https:\/\/www.radioluna.it\/news\/wp-json\/wp\/v2\/media\/323898"}],"wp:attachment":[{"href":"https:\/\/www.radioluna.it\/news\/wp-json\/wp\/v2\/media?parent=353788"}],"wp:term":[{"taxonomy":"category","embeddable":true,"href":"https:\/\/www.radioluna.it\/news\/wp-json\/wp\/v2\/categories?post=353788"},{"taxonomy":"post_tag","embeddable":true,"href":"https:\/\/www.radioluna.it\/news\/wp-json\/wp\/v2\/tags?post=353788"}],"curies":[{"name":"wp","href":"https:\/\/api.w.org\/{rel}","templated":true}]}}