{"id":353791,"date":"2024-06-05T15:58:39","date_gmt":"2024-06-05T13:58:39","guid":{"rendered":"https:\/\/www.radioluna.it\/news\/?p=353791"},"modified":"2024-06-05T15:58:39","modified_gmt":"2024-06-05T13:58:39","slug":"campagna-fiore-amici-pd-camilla-laureti-a-latina-per-un-vero-protagonismo-delle-donne","status":"publish","type":"post","link":"https:\/\/www.radioluna.it\/news\/2024\/06\/campagna-fiore-amici-pd-camilla-laureti-a-latina-per-un-vero-protagonismo-delle-donne\/","title":{"rendered":"Campagna, Fiore, Amici (Pd): \u201cCamilla Laureti a Latina per un vero protagonismo delle donne\u201d"},"content":{"rendered":"<div id=\"fb-root\"><\/div>\n<p><strong>LATINA &#8211;<\/strong> Venerd\u00ec 7 giugno, alle ore 18:00, presso lo spazio Latinadamare in viale XVIII Dicembre 124 a Latina, si terr\u00e0 un incontro con l\u2019eurodeputata uscente e candidata nella circoscrizione Centro-Italia, on. Camilla Laureti. L\u2019evento, dal titolo \u201cIl protagonismo delle donne per un\u2019Europa sociale, verde, giusta\u201d, vedr\u00e0 la partecipazione delle consigliere comunali PD Valeria Campagna e Daniela Fiore e la delegata al Coordinamento nazionale delle Democratiche, Sesa Amici. Interverranno, inoltre, diversi esponenti del PD comunale e provinciale.<\/p>\n<p>\u201cSiamo alla fine della campagna elettorale per le elezioni europee \u2013 dicono Campagna, Fiore e Amici \u2013 un appuntamento decisivo per il futuro del nostro Paese e per l\u2019Unione Europea. In queste settimane, il Partito si \u00e8 mobilitato con un impegno costante nei territori, a contatto con le persone, per raccontare l\u2019Europa che vogliamo: sociale, verde, giusta. Venerd\u00ec sar\u00e0 l\u2019ultimo giorno di campagna elettorale e non poteva esserci modo migliore che concluderla ospitando a Latina la candidata Camilla Laureti\u201d.<\/p>\n<p>\u201cCamilla Laureti \u00e8 un\u2019eurodeputata uscente e delegata nazionale all\u2019agricoltura nella Segreteria Nazionale del PD. Una tematica importante per un territorio come quello della provincia di Latina, a forte trazione agricola e con seri problemi di sfruttamento e caporalato. Siamo contente di sostenere una donna come Camilla: competente, capace e con un approccio concreto e radicato nei valori della comunit\u00e0, ben rappresentato dal suo slogan &#8216;Coi piedi per terra&#8217;. Siamo ancora pi\u00f9 entusiaste perch\u00e9 le elezioni europee ci danno l\u2019opportunit\u00e0, grazie alla possibilit\u00e0 di indicare fino a tre preferenze, di scegliere due donne e un uomo. Anche per questo abbiamo scelto di sostenere, oltre alla Segretaria Elly Schlein, la candidata Camilla Laureti. Convinte della necessit\u00e0 di una maggiore rappresentanza femminile e femminista nelle istituzioni locali, nazionali ed europee\u201d.<\/p>\n<p>L\u2019incontro \u00e8 in programma venerd\u00ec 7 giugno, alle ore 18:00, presso lo spazio Latinadamare in viale XVIII Dicembre\u00a0124\u00a0a\u00a0Latina.<\/p>\n","protected":false},"excerpt":{"rendered":"<p>LATINA &#8211; Venerd\u00ec 7 giugno, alle ore 18:00, presso lo spazio Latinadamare in viale XVIII Dicembre 124 a Latina, si terr\u00e0 un incontro con l\u2019eurodeputata uscente e candidata nella circoscrizione Centro-Italia, on. Camilla Laureti. L\u2019evento, dal titolo \u201cIl protagonismo delle donne per un\u2019Europa sociale, verde, giusta\u201d, vedr\u00e0 la partecipazione delle consigliere comunali PD Valeria Campagna [&hellip;]<\/p>\n","protected":false},"author":60,"featured_media":352561,"comment_status":"open","ping_status":"open","sticky":false,"template":"","format":"standard","meta":{"footnotes":""},"categories":[16,2428],"tags":[],"class_list":["post-353791","post","type-post","status-publish","format-standard","has-post-thumbnail","hentry","category-appuntamenti","category-primo-piano"],"_links":{"self":[{"href":"https:\/\/www.radioluna.it\/news\/wp-json\/wp\/v2\/posts\/353791","targetHints":{"allow":["GET"]}}],"collection":[{"href":"https:\/\/www.radioluna.it\/news\/wp-json\/wp\/v2\/posts"}],"about":[{"href":"https:\/\/www.radioluna.it\/news\/wp-json\/wp\/v2\/types\/post"}],"author":[{"embeddable":true,"href":"https:\/\/www.radioluna.it\/news\/wp-json\/wp\/v2\/users\/60"}],"replies":[{"embeddable":true,"href":"https:\/\/www.radioluna.it\/news\/wp-json\/wp\/v2\/comments?post=353791"}],"version-history":[{"count":0,"href":"https:\/\/www.radioluna.it\/news\/wp-json\/wp\/v2\/posts\/353791\/revisions"}],"wp:featuredmedia":[{"embeddable":true,"href":"https:\/\/www.radioluna.it\/news\/wp-json\/wp\/v2\/media\/352561"}],"wp:attachment":[{"href":"https:\/\/www.radioluna.it\/news\/wp-json\/wp\/v2\/media?parent=353791"}],"wp:term":[{"taxonomy":"category","embeddable":true,"href":"https:\/\/www.radioluna.it\/news\/wp-json\/wp\/v2\/categories?post=353791"},{"taxonomy":"post_tag","embeddable":true,"href":"https:\/\/www.radioluna.it\/news\/wp-json\/wp\/v2\/tags?post=353791"}],"curies":[{"name":"wp","href":"https:\/\/api.w.org\/{rel}","templated":true}]}}