{"id":353841,"date":"2024-06-06T10:13:16","date_gmt":"2024-06-06T08:13:16","guid":{"rendered":"https:\/\/www.radioluna.it\/news\/?p=353841"},"modified":"2024-06-06T10:13:16","modified_gmt":"2024-06-06T08:13:16","slug":"san-felice-circeo-il-9-giugno-ce-la-3a-regata-delle-rondini","status":"publish","type":"post","link":"https:\/\/www.radioluna.it\/news\/2024\/06\/san-felice-circeo-il-9-giugno-ce-la-3a-regata-delle-rondini\/","title":{"rendered":"San Felice Circeo, il 9 giugno c\u2019\u00e8 la 3\u00aa Regata delle Rondini"},"content":{"rendered":"<div id=\"fb-root\"><\/div>\n<p style=\"text-align: justify;\"><strong>SAN FELICE CIRCEO<\/strong> &#8211; \u00c8 in programma domenica 9 giugno la 3\u00aa edizione della \u201cRegata delle Rondini\u201d, organizzata dal Comitato ANDOS di Latina OdV, in collaborazione con il Circeo Yacht Vela Club e con la Cooperativa Circeo Primo, con partenza dal porto di San Felice Circeo.<\/p>\n<p style=\"text-align: justify;\">Inizialmente in programma per lo scorso 2 giugno, ma rinviata a causa delle avverse condizioni meteo, la regata porter\u00e0 di nuovo in mare le donne associate ANDOS sulle barche a vela messe a disposizione dagli armatori locali.<\/p>\n<p style=\"text-align: justify;\">La veleggiata sportiva prevede di raggiungere una boa a poche miglia dalla linea di partenza ed il rientro in porto. Alle ospiti imbarcate non verranno ovviamente chiesti compiti tecnico\/velistici, ma verr\u00e0 altres\u00ec offerta la possibilit\u00e0 di passare qualche ora di serenit\u00e0 a bordo di una barca a vela, comprendendo in modo semplice e diretto come una imbarcazione a vela si muove con il vento e come pu\u00f2 raggiungere qualsiasi meta, a prescindere dalla direzione del vento.<\/p>\n<p style=\"text-align: justify;\">Tutte le imbarcazioni saranno fornite di un drappo di colore arancio rappresentativo dell\u2019Associazione, che sventoler\u00e0 come segno di partecipazione e solidariet\u00e0.<\/p>\n<p style=\"text-align: justify;\">Nell\u2019area portuale, inoltre, sar\u00e0 presente un gazebo dell\u2019ANDOS con le volontarie che accoglieranno il pubblico che desideri essere informato sia sulle attivit\u00e0 dell\u2019Associazione, che sui programmi di screening regionali.<\/p>\n<p style=\"text-align: justify;\">A fine regata avr\u00e0 luogo un momento conviviale.<\/p>\n","protected":false},"excerpt":{"rendered":"<p>SAN FELICE CIRCEO &#8211; \u00c8 in programma domenica 9 giugno la 3\u00aa edizione della \u201cRegata delle Rondini\u201d, organizzata dal Comitato ANDOS di Latina OdV, in collaborazione con il Circeo Yacht Vela Club e con la Cooperativa Circeo Primo, con partenza dal porto di San Felice Circeo. Inizialmente in programma per lo scorso 2 giugno, ma [&hellip;]<\/p>\n","protected":false},"author":5430,"featured_media":0,"comment_status":"open","ping_status":"open","sticky":false,"template":"","format":"standard","meta":{"footnotes":""},"categories":[16,734],"tags":[],"class_list":["post-353841","post","type-post","status-publish","format-standard","hentry","category-appuntamenti","category-evidenza"],"_links":{"self":[{"href":"https:\/\/www.radioluna.it\/news\/wp-json\/wp\/v2\/posts\/353841","targetHints":{"allow":["GET"]}}],"collection":[{"href":"https:\/\/www.radioluna.it\/news\/wp-json\/wp\/v2\/posts"}],"about":[{"href":"https:\/\/www.radioluna.it\/news\/wp-json\/wp\/v2\/types\/post"}],"author":[{"embeddable":true,"href":"https:\/\/www.radioluna.it\/news\/wp-json\/wp\/v2\/users\/5430"}],"replies":[{"embeddable":true,"href":"https:\/\/www.radioluna.it\/news\/wp-json\/wp\/v2\/comments?post=353841"}],"version-history":[{"count":0,"href":"https:\/\/www.radioluna.it\/news\/wp-json\/wp\/v2\/posts\/353841\/revisions"}],"wp:attachment":[{"href":"https:\/\/www.radioluna.it\/news\/wp-json\/wp\/v2\/media?parent=353841"}],"wp:term":[{"taxonomy":"category","embeddable":true,"href":"https:\/\/www.radioluna.it\/news\/wp-json\/wp\/v2\/categories?post=353841"},{"taxonomy":"post_tag","embeddable":true,"href":"https:\/\/www.radioluna.it\/news\/wp-json\/wp\/v2\/tags?post=353841"}],"curies":[{"name":"wp","href":"https:\/\/api.w.org\/{rel}","templated":true}]}}