{"id":353854,"date":"2024-06-06T13:42:13","date_gmt":"2024-06-06T11:42:13","guid":{"rendered":"https:\/\/www.radioluna.it\/news\/?p=353854"},"modified":"2024-06-06T13:42:13","modified_gmt":"2024-06-06T11:42:13","slug":"240-ore-in-memoria-di-giuseppe-giuliano-il-libro-che-racconta-la-storia-del-ragazzino-ucciso-da-un-evaso","status":"publish","type":"post","link":"https:\/\/www.radioluna.it\/news\/2024\/06\/240-ore-in-memoria-di-giuseppe-giuliano-il-libro-che-racconta-la-storia-del-ragazzino-ucciso-da-un-evaso\/","title":{"rendered":"&#8220;240 ore. In memoria di Giuseppe Giuliano&#8221;, il libro che racconta la storia del ragazzino ucciso da un evaso"},"content":{"rendered":"<div id=\"fb-root\"><\/div>\n<p style=\"text-align: justify;\"><strong><img loading=\"lazy\" decoding=\"async\" class=\" wp-image-353856 alignleft\" src=\"https:\/\/www.radioluna.it\/news\/wp-content\/uploads\/2024\/06\/locandina-240-ore-1.jpg\" alt=\"\" width=\"419\" height=\"594\" \/>LATINA<\/strong> &#8211; Appuntamento alle 18.00 di oggi (gioved\u00ec 6 giugno)\u00a0, alla Feltrinelli di Latina, per la presentazione del libro \u201c<strong>240 ore. In memoria di Giuseppe Giuliano<\/strong>\u201d scritto da Cristian Goffredo Miglioranza e Danilo Ceirani edito da Il Levante. Il libro, gi\u00e0 disponibile in tutte le librerie e negli store online, nasce con la volont\u00e0 di raccontare una storia vera, quella del tredicenne Giuseppe Giuliano, figlio di una guardia penitenziaria del carcere di via Aspromonte a Latina, studente modello e promessa dell\u2019atletica.<\/p>\n<p style=\"text-align: justify;\">\u201c240 ore\u201d \u00e8 la storia della morte di un bambino eroe, e della sua medaglia d&#8217;oro al valor civile. A fine aprile 1971, 52 anni fa, ci fu una clamorosa evasione dal carcere di Latina. L&amp;#39;evasione avviene mentre \u00e8 in turno un maresciallo delle Guardie carcerarie da poco trasferito a Latina ad Aversa. Si chiama Nicola Giuliano. Lui viene sospeso dal servizio. Il capo degli evasi &#8211; Pregnolato &#8211; ha una fidanzata e vive nello stesso quartiere in cui vive il maresciallo con la sua famiglia. Appena evaso, Pregnolato va a cercarla. Chiede ad un ragazzino di andare a chiamarla. Il ragazzino si chiama Giuseppe Giuliano, \u00e8 il figlio del maresciallo e avverte il pap\u00e0. Nei minuti che seguono, durante il tentativo di arrestare l&#8217;evaso, c&#8217;\u00e8 una sparatoria. A morire sar\u00e0 Giuseppe Giuliano. Lo insigniranno della medaglia d&#8217;oro al valor civile, negli anni successivi a Latina viene inaugurato anche un monumento e gli viene intitolata una scuola.<br \/>\n\u00abPrima di arrivare alla stesura del libro siamo partiti dalla costruzione di una sceneggiatura per realizzarne il film, ma vista la scarsa se non assente memoria storica e drammatica dell\u2019accaduto, \u00e8 nato 240 Ore\u00bb, spiega uno degli autori <strong>Cristian Goffredo Miglioranza<\/strong>.<\/p>\n<p style=\"text-align: justify;\">\u00abDobbiamo tener presente che a Giuseppe Giuliano \u00e8 stata assegnata la pi\u00f9 giovane medaglia d\u2019oro al valore civile, a Latina gli \u00e8 stato dedicato un istituto e presso Palazzo M troviamo la sua statua, eppure sono pochi a saperlo\u00bb, aggiunge <strong>Danilo Ceirani\u00a0<\/strong><\/p>\n","protected":false},"excerpt":{"rendered":"<p>LATINA &#8211; Appuntamento alle 18.00 di oggi (gioved\u00ec 6 giugno)\u00a0, alla Feltrinelli di Latina, per la presentazione del libro \u201c240 ore. In memoria di Giuseppe Giuliano\u201d scritto da Cristian Goffredo Miglioranza e Danilo Ceirani edito da Il Levante. Il libro, gi\u00e0 disponibile in tutte le librerie e negli store online, nasce con la volont\u00e0 di [&hellip;]<\/p>\n","protected":false},"author":60,"featured_media":353855,"comment_status":"open","ping_status":"open","sticky":false,"template":"","format":"standard","meta":{"footnotes":""},"categories":[2424],"tags":[],"class_list":["post-353854","post","type-post","status-publish","format-standard","has-post-thumbnail","hentry","category-i-nostri-libri"],"_links":{"self":[{"href":"https:\/\/www.radioluna.it\/news\/wp-json\/wp\/v2\/posts\/353854","targetHints":{"allow":["GET"]}}],"collection":[{"href":"https:\/\/www.radioluna.it\/news\/wp-json\/wp\/v2\/posts"}],"about":[{"href":"https:\/\/www.radioluna.it\/news\/wp-json\/wp\/v2\/types\/post"}],"author":[{"embeddable":true,"href":"https:\/\/www.radioluna.it\/news\/wp-json\/wp\/v2\/users\/60"}],"replies":[{"embeddable":true,"href":"https:\/\/www.radioluna.it\/news\/wp-json\/wp\/v2\/comments?post=353854"}],"version-history":[{"count":1,"href":"https:\/\/www.radioluna.it\/news\/wp-json\/wp\/v2\/posts\/353854\/revisions"}],"predecessor-version":[{"id":353857,"href":"https:\/\/www.radioluna.it\/news\/wp-json\/wp\/v2\/posts\/353854\/revisions\/353857"}],"wp:featuredmedia":[{"embeddable":true,"href":"https:\/\/www.radioluna.it\/news\/wp-json\/wp\/v2\/media\/353855"}],"wp:attachment":[{"href":"https:\/\/www.radioluna.it\/news\/wp-json\/wp\/v2\/media?parent=353854"}],"wp:term":[{"taxonomy":"category","embeddable":true,"href":"https:\/\/www.radioluna.it\/news\/wp-json\/wp\/v2\/categories?post=353854"},{"taxonomy":"post_tag","embeddable":true,"href":"https:\/\/www.radioluna.it\/news\/wp-json\/wp\/v2\/tags?post=353854"}],"curies":[{"name":"wp","href":"https:\/\/api.w.org\/{rel}","templated":true}]}}