{"id":353884,"date":"2024-06-06T15:59:22","date_gmt":"2024-06-06T13:59:22","guid":{"rendered":"https:\/\/www.radioluna.it\/news\/?p=353884"},"modified":"2024-06-06T15:59:22","modified_gmt":"2024-06-06T13:59:22","slug":"guardie-ambientali-firmata-la-convenzione-con-lassociazione-vigiles","status":"publish","type":"post","link":"https:\/\/www.radioluna.it\/news\/2024\/06\/guardie-ambientali-firmata-la-convenzione-con-lassociazione-vigiles\/","title":{"rendered":"Guardie ambientali, firmata la convenzione con l\u2019associazione Vigiles"},"content":{"rendered":"<div id=\"fb-root\"><\/div>\n<p style=\"text-align: justify;\"><strong>LATINA &#8211;\u00a0 <\/strong>\u00c8 stata firmata nella giornata di ieri la convenzione tra il Comune di Latina e l\u2019associazione Vigiles che si occuper\u00e0 di svolgere attivit\u00e0 di sensibilizzazione, vigilanza e presidio del territorio comunale in materia di abbandono ed errato conferimento dei rifiuti.<\/p>\n<p style=\"text-align: justify;\">Il documento \u00e8 stato siglato alla presenza dell\u2019assessore all\u2019Ambiente Franco Addonizio, del dirigente Gian Pietro De Biaggio e del presidente dell\u2019associazione Vigiles Emiliano Ciotti.<\/p>\n<p style=\"text-align: justify;\">\u201cAll\u2019esito della procedura di selezione avviata dal Comune di Latina tramite avviso pubblico \u2013 dichiara l\u2019assessore Franco Addonizio &#8211; \u00e8 stata individuata l\u2019associazione Vigiles che prester\u00e0 la propria collaborazione per l\u2019anno 2024 attraverso un\u2019azione di vigilanza sul territorio che si andr\u00e0 ad affiancare al lavoro che svolge il personale comunale. Le guardie ambientali, in particolare, si occuperanno di sensibilizzazione, informazione, nonch\u00e9 prevenzione ed eventuale repressione dei reati in materia ambientale con particolare riferimento al corretto conferimento dei rifiuti\u201d.<\/p>\n<p style=\"text-align: justify;\">Le prossime fasi prevedono la formazione obbligatoria delle guardie ambientali a cura della Polizia Locale di Latina, coadiuvata dagli ispettori ambientali dell\u2019Azienda Speciale per i Beni Comuni di Latina. Al termine dei corsi, i volontari individuati dall\u2019associazione Vigiles acquisiranno il titolo di \u201cispettori ambientali\u201d e saranno pronti per iniziare le attivit\u00e0 sul territorio comunale in modo volontario e a titolo gratuito. \u00c8 previsto un rimborso spese per le attivit\u00e0 svolte dall\u2019associazione documentate al Comune. La convenzione ha validit\u00e0 fino al 31 dicembre 2024.<\/p>\n<p style=\"text-align: justify;\">Durante il question time di questa mattina, l\u2019assessore Gianluca Di Cocco ha relazionato per conto dell\u2019assessore all\u2019Ambiente Franco Addonizio in risposta all\u2019interrogazione presentata dai consiglieri Dario Bellini, Damiano Coletta, Floriana Coletta e Loretta Isotton avente ad oggetto \u201cManifestazione d\u2019interesse del 4 gennaio 2024 per l\u2019individuazione delle guardie ambientali\u201d. Nella risposta all\u2019interrogazione sono stati riassunti i passaggi che hanno portato alla stipula della convenzione, sottoscritta dal Comune di Latina e dall\u2019associazione Vigiles, avvenuta nella giornata di ieri.<\/p>\n","protected":false},"excerpt":{"rendered":"<p>LATINA &#8211;\u00a0 \u00c8 stata firmata nella giornata di ieri la convenzione tra il Comune di Latina e l\u2019associazione Vigiles che si occuper\u00e0 di svolgere attivit\u00e0 di sensibilizzazione, vigilanza e presidio del territorio comunale in materia di abbandono ed errato conferimento dei rifiuti. Il documento \u00e8 stato siglato alla presenza dell\u2019assessore all\u2019Ambiente Franco Addonizio, del dirigente [&hellip;]<\/p>\n","protected":false},"author":60,"featured_media":353886,"comment_status":"open","ping_status":"open","sticky":false,"template":"","format":"standard","meta":{"footnotes":""},"categories":[8],"tags":[],"class_list":["post-353884","post","type-post","status-publish","format-standard","has-post-thumbnail","hentry","category-politica"],"_links":{"self":[{"href":"https:\/\/www.radioluna.it\/news\/wp-json\/wp\/v2\/posts\/353884","targetHints":{"allow":["GET"]}}],"collection":[{"href":"https:\/\/www.radioluna.it\/news\/wp-json\/wp\/v2\/posts"}],"about":[{"href":"https:\/\/www.radioluna.it\/news\/wp-json\/wp\/v2\/types\/post"}],"author":[{"embeddable":true,"href":"https:\/\/www.radioluna.it\/news\/wp-json\/wp\/v2\/users\/60"}],"replies":[{"embeddable":true,"href":"https:\/\/www.radioluna.it\/news\/wp-json\/wp\/v2\/comments?post=353884"}],"version-history":[{"count":1,"href":"https:\/\/www.radioluna.it\/news\/wp-json\/wp\/v2\/posts\/353884\/revisions"}],"predecessor-version":[{"id":353887,"href":"https:\/\/www.radioluna.it\/news\/wp-json\/wp\/v2\/posts\/353884\/revisions\/353887"}],"wp:featuredmedia":[{"embeddable":true,"href":"https:\/\/www.radioluna.it\/news\/wp-json\/wp\/v2\/media\/353886"}],"wp:attachment":[{"href":"https:\/\/www.radioluna.it\/news\/wp-json\/wp\/v2\/media?parent=353884"}],"wp:term":[{"taxonomy":"category","embeddable":true,"href":"https:\/\/www.radioluna.it\/news\/wp-json\/wp\/v2\/categories?post=353884"},{"taxonomy":"post_tag","embeddable":true,"href":"https:\/\/www.radioluna.it\/news\/wp-json\/wp\/v2\/tags?post=353884"}],"curies":[{"name":"wp","href":"https:\/\/api.w.org\/{rel}","templated":true}]}}